{"id":5209,"date":"2020-11-06T16:47:21","date_gmt":"2020-11-06T15:47:21","guid":{"rendered":"https:\/\/blogsaverroes.juntadeandalucia.es\/iesdoctorajosefadelosreyes\/?p=5209"},"modified":"2020-11-06T16:47:21","modified_gmt":"2020-11-06T15:47:21","slug":"comienza-a-funcionar-el-huerto","status":"publish","type":"post","link":"https:\/\/blogsaverroes.juntadeandalucia.es\/iesdoctorajosefadelosreyes\/comienza-a-funcionar-el-huerto\/","title":{"rendered":"Comienza a funcionar el huerto"},"content":{"rendered":"<p style=\"text-align: justify\">A partir de este lunes empieza a funcionar nuestro huerto. Una monitora muy entusiasta, Inma, nos ayudar\u00e1 a ponerlo a punto con los grupos. Todos pasar\u00e1n por \u00e9l y aprender\u00e1n a plantar y cuidar lo conseguido.&nbsp;<\/p>\n<p style=\"text-align: justify\">De momento, sin haber nada, tiene muy buena pinta. Adem\u00e1s habr\u00e1 una colaboraci\u00f3n mutua entre el CEIP San Juan de Dios y el IES Doctora Josefa de los Reyes.&nbsp;<\/p>\n<p style=\"text-align: justify\">Todo gracias al programa Impulsa. <a href=\"https:\/\/blogsaverroes.juntadeandalucia.es\/iesdoctorajosefadelosreyes\/files\/2020\/11\/Huerto1.jpeg\"><img loading=\"lazy\" decoding=\"async\" class=\"aligncenter size-medium wp-image-5210\" src=\"https:\/\/blogsaverroes.juntadeandalucia.es\/iesdoctorajosefadelosreyes\/files\/2020\/11\/Huerto1-300x300.jpeg\" alt=\"\" width=\"300\" height=\"300\" srcset=\"https:\/\/blogsaverroes.juntadeandalucia.es\/iesdoctorajosefadelosreyes\/files\/2020\/11\/Huerto1-300x300.jpeg 300w, https:\/\/blogsaverroes.juntadeandalucia.es\/iesdoctorajosefadelosreyes\/files\/2020\/11\/Huerto1-1024x1024.jpeg 1024w, https:\/\/blogsaverroes.juntadeandalucia.es\/iesdoctorajosefadelosreyes\/files\/2020\/11\/Huerto1-150x150.jpeg 150w, https:\/\/blogsaverroes.juntadeandalucia.es\/iesdoctorajosefadelosreyes\/files\/2020\/11\/Huerto1-768x768.jpeg 768w, https:\/\/blogsaverroes.juntadeandalucia.es\/iesdoctorajosefadelosreyes\/files\/2020\/11\/Huerto1-100x100.jpeg 100w, https:\/\/blogsaverroes.juntadeandalucia.es\/iesdoctorajosefadelosreyes\/files\/2020\/11\/Huerto1-80x80.jpeg 80w, https:\/\/blogsaverroes.juntadeandalucia.es\/iesdoctorajosefadelosreyes\/files\/2020\/11\/Huerto1-320x320.jpeg 320w, https:\/\/blogsaverroes.juntadeandalucia.es\/iesdoctorajosefadelosreyes\/files\/2020\/11\/Huerto1-24x24.jpeg 24w, https:\/\/blogsaverroes.juntadeandalucia.es\/iesdoctorajosefadelosreyes\/files\/2020\/11\/Huerto1-36x36.jpeg 36w, https:\/\/blogsaverroes.juntadeandalucia.es\/iesdoctorajosefadelosreyes\/files\/2020\/11\/Huerto1-48x48.jpeg 48w, https:\/\/blogsaverroes.juntadeandalucia.es\/iesdoctorajosefadelosreyes\/files\/2020\/11\/Huerto1-50x50.jpeg 50w, https:\/\/blogsaverroes.juntadeandalucia.es\/iesdoctorajosefadelosreyes\/files\/2020\/11\/Huerto1.jpeg 1080w\" sizes=\"(max-width: 300px) 100vw, 300px\" \/><\/a> <a href=\"https:\/\/blogsaverroes.juntadeandalucia.es\/iesdoctorajosefadelosreyes\/files\/2020\/11\/Huerto2.jpeg\"><img loading=\"lazy\" decoding=\"async\" class=\"aligncenter size-medium wp-image-5211\" src=\"https:\/\/blogsaverroes.juntadeandalucia.es\/iesdoctorajosefadelosreyes\/files\/2020\/11\/Huerto2-300x300.jpeg\" alt=\"\" width=\"300\" height=\"300\" srcset=\"https:\/\/blogsaverroes.juntadeandalucia.es\/iesdoctorajosefadelosreyes\/files\/2020\/11\/Huerto2-300x300.jpeg 300w, https:\/\/blogsaverroes.juntadeandalucia.es\/iesdoctorajosefadelosreyes\/files\/2020\/11\/Huerto2-1024x1024.jpeg 1024w, https:\/\/blogsaverroes.juntadeandalucia.es\/iesdoctorajosefadelosreyes\/files\/2020\/11\/Huerto2-150x150.jpeg 150w, https:\/\/blogsaverroes.juntadeandalucia.es\/iesdoctorajosefadelosreyes\/files\/2020\/11\/Huerto2-768x768.jpeg 768w, https:\/\/blogsaverroes.juntadeandalucia.es\/iesdoctorajosefadelosreyes\/files\/2020\/11\/Huerto2-100x100.jpeg 100w, https:\/\/blogsaverroes.juntadeandalucia.es\/iesdoctorajosefadelosreyes\/files\/2020\/11\/Huerto2-1536x1536.jpeg 1536w, https:\/\/blogsaverroes.juntadeandalucia.es\/iesdoctorajosefadelosreyes\/files\/2020\/11\/Huerto2-2048x2048.jpeg 2048w, https:\/\/blogsaverroes.juntadeandalucia.es\/iesdoctorajosefadelosreyes\/files\/2020\/11\/Huerto2-80x80.jpeg 80w, https:\/\/blogsaverroes.juntadeandalucia.es\/iesdoctorajosefadelosreyes\/files\/2020\/11\/Huerto2-320x320.jpeg 320w, https:\/\/blogsaverroes.juntadeandalucia.es\/iesdoctorajosefadelosreyes\/files\/2020\/11\/Huerto2-24x24.jpeg 24w, https:\/\/blogsaverroes.juntadeandalucia.es\/iesdoctorajosefadelosreyes\/files\/2020\/11\/Huerto2-36x36.jpeg 36w, https:\/\/blogsaverroes.juntadeandalucia.es\/iesdoctorajosefadelosreyes\/files\/2020\/11\/Huerto2-48x48.jpeg 48w, https:\/\/blogsaverroes.juntadeandalucia.es\/iesdoctorajosefadelosreyes\/files\/2020\/11\/Huerto2-50x50.jpeg 50w, https:\/\/blogsaverroes.juntadeandalucia.es\/iesdoctorajosefadelosreyes\/files\/2020\/11\/Huerto2.jpeg 1600w\" sizes=\"(max-width: 300px) 100vw, 300px\" \/><\/a> <a href=\"https:\/\/blogsaverroes.juntadeandalucia.es\/iesdoctorajosefadelosreyes\/files\/2020\/11\/Huerto3.jpeg\"><img loading=\"lazy\" decoding=\"async\" class=\"aligncenter size-medium wp-image-5212\" src=\"https:\/\/blogsaverroes.juntadeandalucia.es\/iesdoctorajosefadelosreyes\/files\/2020\/11\/Huerto3-300x300.jpeg\" alt=\"\" width=\"300\" height=\"300\" srcset=\"https:\/\/blogsaverroes.juntadeandalucia.es\/iesdoctorajosefadelosreyes\/files\/2020\/11\/Huerto3-300x300.jpeg 300w, https:\/\/blogsaverroes.juntadeandalucia.es\/iesdoctorajosefadelosreyes\/files\/2020\/11\/Huerto3-1024x1024.jpeg 1024w, https:\/\/blogsaverroes.juntadeandalucia.es\/iesdoctorajosefadelosreyes\/files\/2020\/11\/Huerto3-150x150.jpeg 150w, https:\/\/blogsaverroes.juntadeandalucia.es\/iesdoctorajosefadelosreyes\/files\/2020\/11\/Huerto3-768x768.jpeg 768w, https:\/\/blogsaverroes.juntadeandalucia.es\/iesdoctorajosefadelosreyes\/files\/2020\/11\/Huerto3-100x100.jpeg 100w, https:\/\/blogsaverroes.juntadeandalucia.es\/iesdoctorajosefadelosreyes\/files\/2020\/11\/Huerto3-80x80.jpeg 80w, https:\/\/blogsaverroes.juntadeandalucia.es\/iesdoctorajosefadelosreyes\/files\/2020\/11\/Huerto3-320x320.jpeg 320w, https:\/\/blogsaverroes.juntadeandalucia.es\/iesdoctorajosefadelosreyes\/files\/2020\/11\/Huerto3-24x24.jpeg 24w, https:\/\/blogsaverroes.juntadeandalucia.es\/iesdoctorajosefadelosreyes\/files\/2020\/11\/Huerto3-36x36.jpeg 36w, https:\/\/blogsaverroes.juntadeandalucia.es\/iesdoctorajosefadelosreyes\/files\/2020\/11\/Huerto3-48x48.jpeg 48w, https:\/\/blogsaverroes.juntadeandalucia.es\/iesdoctorajosefadelosreyes\/files\/2020\/11\/Huerto3-50x50.jpeg 50w, https:\/\/blogsaverroes.juntadeandalucia.es\/iesdoctorajosefadelosreyes\/files\/2020\/11\/Huerto3.jpeg 1080w\" sizes=\"(max-width: 300px) 100vw, 300px\" \/><\/a><\/p>\n","protected":false},"excerpt":{"rendered":"<p>A partir de este lunes empieza a funcionar nuestro huerto. Una monitora muy entusiasta, Inma, nos ayudar\u00e1 a ponerlo a punto con los grupos. Todos pasar\u00e1n por \u00e9l y aprender\u00e1n a plantar y cuidar&#46;&#46;&#46;<\/p>\n","protected":false},"author":5317,"featured_media":5212,"comment_status":"open","ping_status":"open","sticky":false,"template":"","format":"standard","meta":{"ngg_post_thumbnail":0,"footnotes":""},"categories":[5991],"tags":[],"aioseo_notices":[],"_links":{"self":[{"href":"https:\/\/blogsaverroes.juntadeandalucia.es\/iesdoctorajosefadelosreyes\/wp-json\/wp\/v2\/posts\/5209"}],"collection":[{"href":"https:\/\/blogsaverroes.juntadeandalucia.es\/iesdoctorajosefadelosreyes\/wp-json\/wp\/v2\/posts"}],"about":[{"href":"https:\/\/blogsaverroes.juntadeandalucia.es\/iesdoctorajosefadelosreyes\/wp-json\/wp\/v2\/types\/post"}],"author":[{"embeddable":true,"href":"https:\/\/blogsaverroes.juntadeandalucia.es\/iesdoctorajosefadelosreyes\/wp-json\/wp\/v2\/users\/5317"}],"replies":[{"embeddable":true,"href":"https:\/\/blogsaverroes.juntadeandalucia.es\/iesdoctorajosefadelosreyes\/wp-json\/wp\/v2\/comments?post=5209"}],"version-history":[{"count":1,"href":"https:\/\/blogsaverroes.juntadeandalucia.es\/iesdoctorajosefadelosreyes\/wp-json\/wp\/v2\/posts\/5209\/revisions"}],"predecessor-version":[{"id":5213,"href":"https:\/\/blogsaverroes.juntadeandalucia.es\/iesdoctorajosefadelosreyes\/wp-json\/wp\/v2\/posts\/5209\/revisions\/5213"}],"wp:featuredmedia":[{"embeddable":true,"href":"https:\/\/blogsaverroes.juntadeandalucia.es\/iesdoctorajosefadelosreyes\/wp-json\/wp\/v2\/media\/5212"}],"wp:attachment":[{"href":"https:\/\/blogsaverroes.juntadeandalucia.es\/iesdoctorajosefadelosreyes\/wp-json\/wp\/v2\/media?parent=5209"}],"wp:term":[{"taxonomy":"category","embeddable":true,"href":"https:\/\/blogsaverroes.juntadeandalucia.es\/iesdoctorajosefadelosreyes\/wp-json\/wp\/v2\/categories?post=5209"},{"taxonomy":"post_tag","embeddable":true,"href":"https:\/\/blogsaverroes.juntadeandalucia.es\/iesdoctorajosefadelosreyes\/wp-json\/wp\/v2\/tags?post=5209"}],"curies":[{"name":"wp","href":"https:\/\/api.w.org\/{rel}","templated":true}]}}