{"id":5717,"date":"2023-06-17T00:04:04","date_gmt":"2023-06-16T22:04:04","guid":{"rendered":"https:\/\/blogsaverroes.juntadeandalucia.es\/iesdoctorajosefadelosreyes\/?p=5717"},"modified":"2023-06-17T00:04:04","modified_gmt":"2023-06-16T22:04:04","slug":"matriculacion-curso-23-24","status":"publish","type":"post","link":"https:\/\/blogsaverroes.juntadeandalucia.es\/iesdoctorajosefadelosreyes\/matriculacion-curso-23-24\/","title":{"rendered":"Matriculaci\u00f3n curso 23\/24"},"content":{"rendered":"<p style=\"text-align: justify\"><span style=\"color: #0000ff\">Les dejamos informaci\u00f3n del proceso de matriculaci\u00f3n del alumnado para el pr\u00f3ximo curso 23\/24.&nbsp;<\/span><\/p>\n<ul>\n<li style=\"text-align: justify\"><span style=\"color: #0000ff\">\u00bfQui\u00e9n tiene que matricularse? Todo el alumnado que vaya a seguir con sus estudios en el curso pr\u00f3ximo. En nuestro caso, alumnado que vaya a entrar en 1\u00ba de ESO en nuestro IES, alumnado que siga en 2\u00ba, 3\u00ba y 4\u00ba de ESO, alumnado que vaya a acceder en 1\u00ba CFGB o alumnado que vaya a seguir estudiando en 2\u00ba CFGB.&nbsp;<\/span><\/li>\n<li><span style=\"color: #0000ff\">\u00bfCu\u00e1ndo tiene que matricularse? Depende de en qu\u00e9.&nbsp;<\/span>\n<ul>\n<li style=\"text-align: justify\"><span style=\"color: #0000ff\">Para aquel alumnado que quiera matricularse en un CFGB (Ciclo Formativo de Grado B\u00e1sico) o un CFGM (Ciclo Formativo de Grado Medio), deber\u00e1 hacerlo entre los d\u00edas 26 y 30 de junio, ambos incluidos.&nbsp;<\/span><\/li>\n<li style=\"text-align: justify\"><span style=\"color: #0000ff\">Para aquel alumnado que quiera matricularse de alg\u00fan curso de la ESO, deber\u00e1 hacerlo entre los d\u00edas 1 y 10 de julio, ambos incluidos.&nbsp;<\/span><\/li>\n<\/ul>\n<\/li>\n<li style=\"text-align: justify\"><span style=\"color: #0000ff\">\u00bfC\u00f3mo tiene que matricularse? Ya depender\u00e1 del centro donde quiera matricularse. Si es en el nuestro, tendr\u00e1 que hacerlo a trav\u00e9s de la secretar\u00eda virtual. Para acceder a esta, puede pulsar sobre el <strong><span style=\"color: #ff0000\"><a style=\"color: #ff0000\" href=\"https:\/\/www.juntadeandalucia.es\/educacion\/secretariavirtual\/solicitudes\/\">enlace<\/a><\/span><\/strong>. Para ello necesita la clave IANDE, la cual se puede obtener entrando en iPasen y mirando el primer mensaje que aparece en las comunicaciones. Se puede ver c\u00f3mo obtener la clave IANDE a trav\u00e9s del siguiente <strong><span style=\"color: #ff0000\"><a style=\"color: #ff0000\" href=\"https:\/\/youtu.be\/YLSLK7GScIw\">v\u00eddeo<\/a><\/span><\/strong>. Una vez que se accede a la secretar\u00eda virtual usando la clave IANDE, hay que ir siguiendo los pasos. Se puede ver c\u00f3mo es el proceso de matriculaci\u00f3n mediante los siguientes v\u00eddeos. <strong><span style=\"color: #ff0000\"><a style=\"color: #ff0000\" href=\"https:\/\/youtu.be\/ZCIk-7HDGVU\">V\u00eddeo 1<\/a><\/span><\/strong> y <span style=\"color: #ff0000\"><strong><a style=\"color: #ff0000\" href=\"https:\/\/youtu.be\/wtaLrs9bWto\">v\u00eddeo 2<\/a><\/strong><\/span>.&nbsp;<\/span><\/li>\n<li style=\"text-align: justify\"><span style=\"color: #0000ff\">\u00bfY si no consigo hacerlo yo solo\/a? Vente por el centro con tu m\u00f3vil, que nosotros te ayudaremos. Para ello coge cita para que no tengas que estar esperando:<\/span>\n<ul>\n<li style=\"text-align: justify\"><span style=\"color: #0000ff\"><a style=\"color: #0000ff\" href=\"https:\/\/calendar.app.google\/uJRYTpxdappQPaMj7\"><span style=\"color: #ff0000\"><strong>Citas para matricularse en la ESO<\/strong><\/span><\/a>.&nbsp;<\/span><\/li>\n<li style=\"text-align: justify\"><span style=\"color: #0000ff\"><strong><span style=\"color: #ff0000\"><a style=\"color: #ff0000\" href=\"https:\/\/calendar.app.google\/fJRwyYm6tzCmBEZT7\">Citas para matricularse en CFGB<\/a><\/span><\/strong>.&nbsp;<\/span><\/li>\n<\/ul>\n<\/li>\n<\/ul>\n","protected":false},"excerpt":{"rendered":"<p>Les dejamos informaci\u00f3n del proceso de matriculaci\u00f3n del alumnado para el pr\u00f3ximo curso 23\/24.&nbsp; \u00bfQui\u00e9n tiene que matricularse? Todo el alumnado que vaya a seguir con sus estudios en el curso pr\u00f3ximo. En nuestro&#46;&#46;&#46;<\/p>\n","protected":false},"author":5317,"featured_media":5718,"comment_status":"open","ping_status":"open","sticky":false,"template":"","format":"standard","meta":{"ngg_post_thumbnail":0,"footnotes":""},"categories":[49],"tags":[],"aioseo_notices":[],"_links":{"self":[{"href":"https:\/\/blogsaverroes.juntadeandalucia.es\/iesdoctorajosefadelosreyes\/wp-json\/wp\/v2\/posts\/5717"}],"collection":[{"href":"https:\/\/blogsaverroes.juntadeandalucia.es\/iesdoctorajosefadelosreyes\/wp-json\/wp\/v2\/posts"}],"about":[{"href":"https:\/\/blogsaverroes.juntadeandalucia.es\/iesdoctorajosefadelosreyes\/wp-json\/wp\/v2\/types\/post"}],"author":[{"embeddable":true,"href":"https:\/\/blogsaverroes.juntadeandalucia.es\/iesdoctorajosefadelosreyes\/wp-json\/wp\/v2\/users\/5317"}],"replies":[{"embeddable":true,"href":"https:\/\/blogsaverroes.juntadeandalucia.es\/iesdoctorajosefadelosreyes\/wp-json\/wp\/v2\/comments?post=5717"}],"version-history":[{"count":1,"href":"https:\/\/blogsaverroes.juntadeandalucia.es\/iesdoctorajosefadelosreyes\/wp-json\/wp\/v2\/posts\/5717\/revisions"}],"predecessor-version":[{"id":5719,"href":"https:\/\/blogsaverroes.juntadeandalucia.es\/iesdoctorajosefadelosreyes\/wp-json\/wp\/v2\/posts\/5717\/revisions\/5719"}],"wp:featuredmedia":[{"embeddable":true,"href":"https:\/\/blogsaverroes.juntadeandalucia.es\/iesdoctorajosefadelosreyes\/wp-json\/wp\/v2\/media\/5718"}],"wp:attachment":[{"href":"https:\/\/blogsaverroes.juntadeandalucia.es\/iesdoctorajosefadelosreyes\/wp-json\/wp\/v2\/media?parent=5717"}],"wp:term":[{"taxonomy":"category","embeddable":true,"href":"https:\/\/blogsaverroes.juntadeandalucia.es\/iesdoctorajosefadelosreyes\/wp-json\/wp\/v2\/categories?post=5717"},{"taxonomy":"post_tag","embeddable":true,"href":"https:\/\/blogsaverroes.juntadeandalucia.es\/iesdoctorajosefadelosreyes\/wp-json\/wp\/v2\/tags?post=5717"}],"curies":[{"name":"wp","href":"https:\/\/api.w.org\/{rel}","templated":true}]}}