{"id":1646,"date":"2015-04-28T23:09:41","date_gmt":"2015-04-28T22:09:41","guid":{"rendered":"http:\/\/www.iesduquederivas.es\/?p=1646"},"modified":"2015-04-28T23:09:41","modified_gmt":"2015-04-28T22:09:41","slug":"1646","status":"publish","type":"post","link":"https:\/\/blogsaverroes.juntadeandalucia.es\/iesduquederivas\/1646\/","title":{"rendered":"El escritor Fernando Molero Campos visita el IES Duque de Rivas"},"content":{"rendered":"<p style=\"text-align: left\">El pasado martes 21 de abril contamos con la presencia de un escritor docente Fernando Molero Campos, licenciado en Humanidades por la Facultad de Filosof\u00eda y Letras de la Universidad de C\u00f3rdoba y Diplomado en Magisterio (Filolog\u00eda) por la Escuela Universitaria de Formaci\u00f3n del<br \/>\nProfesorado de E.G.B. de C\u00f3rdoba, ganador de varios premios literarios, 2\u00ba Premio en el III Certamen Andaluz de Experiencias en Medios de Comunicaci\u00f3n, 1\u00ba Premio en el VI Certamen de Relato Corto Villa<span class=\"text_exposed_show\"> de Adeje&#8230; entre otros.<br \/>\nComparti\u00f3 con nuestros alumnos y alumnas de 3\u00ba ESO el gusto por la lectura, les explic\u00f3 por qu\u00e9 le gusta escribir relatos breves -considera que nadie se debe de \u00abir a la cama \u00bb sin saber el final de un buen relato- y que la trama de sus relatos surge de la observaci\u00f3n directa -de cualquier imagen, de alguna conversaci\u00f3n,de una situaci\u00f3n vivida&#8230; Fue una interesante conferencia donde nuestro alumnado se implic\u00f3 haci\u00e9ndole numerosas preguntas.[metaslider id=1638]<\/span><\/p>\n","protected":false},"excerpt":{"rendered":"<p>El pasado martes 21 de abril contamos con la presencia de un escritor docente Fernando Molero Campos, licenciado en Humanidades por la Facultad de Filosof\u00eda y Letras de la Universidad de C\u00f3rdoba y Diplomado&#46;&#46;&#46;<\/p>\n","protected":false},"author":8456,"featured_media":0,"comment_status":"closed","ping_status":"closed","sticky":false,"template":"","format":"standard","meta":{"ngg_post_thumbnail":0,"footnotes":""},"categories":[11910,11909],"tags":[],"aioseo_notices":[],"_links":{"self":[{"href":"https:\/\/blogsaverroes.juntadeandalucia.es\/iesduquederivas\/wp-json\/wp\/v2\/posts\/1646"}],"collection":[{"href":"https:\/\/blogsaverroes.juntadeandalucia.es\/iesduquederivas\/wp-json\/wp\/v2\/posts"}],"about":[{"href":"https:\/\/blogsaverroes.juntadeandalucia.es\/iesduquederivas\/wp-json\/wp\/v2\/types\/post"}],"author":[{"embeddable":true,"href":"https:\/\/blogsaverroes.juntadeandalucia.es\/iesduquederivas\/wp-json\/wp\/v2\/users\/8456"}],"replies":[{"embeddable":true,"href":"https:\/\/blogsaverroes.juntadeandalucia.es\/iesduquederivas\/wp-json\/wp\/v2\/comments?post=1646"}],"version-history":[{"count":0,"href":"https:\/\/blogsaverroes.juntadeandalucia.es\/iesduquederivas\/wp-json\/wp\/v2\/posts\/1646\/revisions"}],"wp:attachment":[{"href":"https:\/\/blogsaverroes.juntadeandalucia.es\/iesduquederivas\/wp-json\/wp\/v2\/media?parent=1646"}],"wp:term":[{"taxonomy":"category","embeddable":true,"href":"https:\/\/blogsaverroes.juntadeandalucia.es\/iesduquederivas\/wp-json\/wp\/v2\/categories?post=1646"},{"taxonomy":"post_tag","embeddable":true,"href":"https:\/\/blogsaverroes.juntadeandalucia.es\/iesduquederivas\/wp-json\/wp\/v2\/tags?post=1646"}],"curies":[{"name":"wp","href":"https:\/\/api.w.org\/{rel}","templated":true}]}}