{"id":1676,"date":"2015-05-08T18:27:01","date_gmt":"2015-05-08T17:27:01","guid":{"rendered":"http:\/\/www.iesduquederivas.es\/?p=1676"},"modified":"2015-05-08T18:27:01","modified_gmt":"2015-05-08T17:27:01","slug":"formacion-del-profesorado-2","status":"publish","type":"post","link":"https:\/\/blogsaverroes.juntadeandalucia.es\/iesduquederivas\/formacion-del-profesorado-2\/","title":{"rendered":"Formaci\u00f3n del Profesorado"},"content":{"rendered":"<p>El profesorado del IES Duque de Rivas se esfuerza d\u00eda a d\u00eda en ofrecer a su alumnado una educaci\u00f3n de calidad. Realiza\u00a0 cursos, jornadas y otro tipo de actividades de formaci\u00f3n que le posibilita estar actualizado.<\/p>\n<p>En esta caso, la\u00a0profesora \u00a0de Educaci\u00f3n F\u00edsica no solo est\u00e1 actualizada, \u00a0adem\u00e1s realiza ponencias para otros profesores. Son \u00e9stos los que se forman gracias a las indicaciones de nuestra compa\u00f1era y profesora. En los Programas de H\u00e1bitos Saludables que convoca el Centro de Profesorado de \u00a0la Provincia de C\u00f3rdoba, concretamente en el Programa A No Fumar \u00a1Me Apunto! realiza la ponencia:\u00a0&#8211; \u00abCon deporte decimos no\u00bb.<\/p>\n<p><a href=\"http:\/\/www.iesduquederivas.es\/wp-content\/uploads\/2015\/05\/1.jpg\"><img fetchpriority=\"high\" decoding=\"async\" class=\"aligncenter wp-image-1677 size-full\" src=\"http:\/\/www.iesduquederivas.es\/wp-content\/uploads\/2015\/05\/1.jpg\" alt=\"1\" width=\"463\" height=\"458\" \/><\/a><\/p>\n<p>&nbsp;<\/p>\n<p>&nbsp;<\/p>\n","protected":false},"excerpt":{"rendered":"<p>El profesorado del IES Duque de Rivas se esfuerza d\u00eda a d\u00eda en ofrecer a su alumnado una educaci\u00f3n de calidad. Realiza\u00a0 cursos, jornadas y otro tipo de actividades de formaci\u00f3n que le posibilita&#46;&#46;&#46;<\/p>\n","protected":false},"author":8456,"featured_media":0,"comment_status":"closed","ping_status":"closed","sticky":false,"template":"","format":"standard","meta":{"ngg_post_thumbnail":0,"footnotes":""},"categories":[11909],"tags":[],"aioseo_notices":[],"_links":{"self":[{"href":"https:\/\/blogsaverroes.juntadeandalucia.es\/iesduquederivas\/wp-json\/wp\/v2\/posts\/1676"}],"collection":[{"href":"https:\/\/blogsaverroes.juntadeandalucia.es\/iesduquederivas\/wp-json\/wp\/v2\/posts"}],"about":[{"href":"https:\/\/blogsaverroes.juntadeandalucia.es\/iesduquederivas\/wp-json\/wp\/v2\/types\/post"}],"author":[{"embeddable":true,"href":"https:\/\/blogsaverroes.juntadeandalucia.es\/iesduquederivas\/wp-json\/wp\/v2\/users\/8456"}],"replies":[{"embeddable":true,"href":"https:\/\/blogsaverroes.juntadeandalucia.es\/iesduquederivas\/wp-json\/wp\/v2\/comments?post=1676"}],"version-history":[{"count":0,"href":"https:\/\/blogsaverroes.juntadeandalucia.es\/iesduquederivas\/wp-json\/wp\/v2\/posts\/1676\/revisions"}],"wp:attachment":[{"href":"https:\/\/blogsaverroes.juntadeandalucia.es\/iesduquederivas\/wp-json\/wp\/v2\/media?parent=1676"}],"wp:term":[{"taxonomy":"category","embeddable":true,"href":"https:\/\/blogsaverroes.juntadeandalucia.es\/iesduquederivas\/wp-json\/wp\/v2\/categories?post=1676"},{"taxonomy":"post_tag","embeddable":true,"href":"https:\/\/blogsaverroes.juntadeandalucia.es\/iesduquederivas\/wp-json\/wp\/v2\/tags?post=1676"}],"curies":[{"name":"wp","href":"https:\/\/api.w.org\/{rel}","templated":true}]}}