{"id":2443,"date":"2016-02-07T20:24:53","date_gmt":"2016-02-07T19:24:53","guid":{"rendered":"http:\/\/www.iesduquederivas.es\/?p=2443"},"modified":"2016-02-07T20:24:53","modified_gmt":"2016-02-07T19:24:53","slug":"tansolo5minutos","status":"publish","type":"post","link":"https:\/\/blogsaverroes.juntadeandalucia.es\/iesduquederivas\/tansolo5minutos\/","title":{"rendered":"TanSolo5Minutos"},"content":{"rendered":"<p>El departamento de Ciencias Naturales ha participado en la campa\u00f1a\u00a0<strong>TanSolo5Minutos. <\/strong><\/p>\n<p>Es una campa\u00f1a de participaci\u00f3n social que se lanza con el objetivo de generar el \u201c<strong>Primer mapa din\u00e1mico de factores de riesgo para la prevenci\u00f3n del c\u00e1ncer<\/strong>\u201c.<\/p>\n<p>El fin de este mapa es identificar en todo el territorio nacional zonas y poblaci\u00f3n de riesgo a padecer esta enfermedad a trav\u00e9s del estudio de sus h\u00e1bitos de vida, ayudando a organizar de forma m\u00e1s eficiente acciones preventivas que reducir\u00edan casi en un 50% el n\u00famero de personas afectadas y los tratamientos agresivos vinculados al c\u00e1ncer.\u00a0Seg\u00fan el nivel de participaci\u00f3n permitir\u00eda desarrollar dichas acciones\u00a0a nivel de\u00a0regi\u00f3n, provincia o localidad.<\/p>\n<p><a href=\"http:\/\/www.iesduquederivas.es\/wp-content\/uploads\/2016\/02\/IMG-20160205-WA0013.jpg\"><img fetchpriority=\"high\" decoding=\"async\" class=\"aligncenter size-full wp-image-2444\" src=\"http:\/\/www.iesduquederivas.es\/wp-content\/uploads\/2016\/02\/IMG-20160205-WA0013.jpg\" alt=\"IMG-20160205-WA0013\" width=\"1600\" height=\"1200\" \/><\/a><\/p>\n","protected":false},"excerpt":{"rendered":"<p>El departamento de Ciencias Naturales ha participado en la campa\u00f1a\u00a0TanSolo5Minutos. Es una campa\u00f1a de participaci\u00f3n social que se lanza con el objetivo de generar el \u201cPrimer mapa din\u00e1mico de factores de riesgo para la&#46;&#46;&#46;<\/p>\n","protected":false},"author":8456,"featured_media":0,"comment_status":"closed","ping_status":"closed","sticky":false,"template":"","format":"standard","meta":{"ngg_post_thumbnail":0,"footnotes":""},"categories":[11909],"tags":[],"aioseo_notices":[],"_links":{"self":[{"href":"https:\/\/blogsaverroes.juntadeandalucia.es\/iesduquederivas\/wp-json\/wp\/v2\/posts\/2443"}],"collection":[{"href":"https:\/\/blogsaverroes.juntadeandalucia.es\/iesduquederivas\/wp-json\/wp\/v2\/posts"}],"about":[{"href":"https:\/\/blogsaverroes.juntadeandalucia.es\/iesduquederivas\/wp-json\/wp\/v2\/types\/post"}],"author":[{"embeddable":true,"href":"https:\/\/blogsaverroes.juntadeandalucia.es\/iesduquederivas\/wp-json\/wp\/v2\/users\/8456"}],"replies":[{"embeddable":true,"href":"https:\/\/blogsaverroes.juntadeandalucia.es\/iesduquederivas\/wp-json\/wp\/v2\/comments?post=2443"}],"version-history":[{"count":0,"href":"https:\/\/blogsaverroes.juntadeandalucia.es\/iesduquederivas\/wp-json\/wp\/v2\/posts\/2443\/revisions"}],"wp:attachment":[{"href":"https:\/\/blogsaverroes.juntadeandalucia.es\/iesduquederivas\/wp-json\/wp\/v2\/media?parent=2443"}],"wp:term":[{"taxonomy":"category","embeddable":true,"href":"https:\/\/blogsaverroes.juntadeandalucia.es\/iesduquederivas\/wp-json\/wp\/v2\/categories?post=2443"},{"taxonomy":"post_tag","embeddable":true,"href":"https:\/\/blogsaverroes.juntadeandalucia.es\/iesduquederivas\/wp-json\/wp\/v2\/tags?post=2443"}],"curies":[{"name":"wp","href":"https:\/\/api.w.org\/{rel}","templated":true}]}}