{"id":2462,"date":"2016-02-24T23:17:56","date_gmt":"2016-02-24T22:17:56","guid":{"rendered":"http:\/\/www.iesduquederivas.es\/?p=2462"},"modified":"2016-02-24T23:17:56","modified_gmt":"2016-02-24T22:17:56","slug":"2462","status":"publish","type":"post","link":"https:\/\/blogsaverroes.juntadeandalucia.es\/iesduquederivas\/2462\/","title":{"rendered":"Radio El Duque en las ondas gracias a Radio Hornachuelos"},"content":{"rendered":"<p>&nbsp;<\/p>\n<p><a href=\"http:\/\/radioelduque.blogspot.com.es\/\"><img decoding=\"async\" class=\"  wp-image-2463 alignleft\" src=\"http:\/\/www.iesduquederivas.es\/wp-content\/uploads\/2016\/02\/radio-el-duque-logo-cuadrado-e1456351947272.png\" alt=\"radio el duque logo cuadrado\" width=\"117\" height=\"118\" \/><\/a><\/p>\n<p>Estimadas familias:<\/p>\n<p>Ya saben por boca de sus hijos que en nuestro centro se est\u00e1 llevando a cabo una experiencia innovadora que cuenta con el apoyo de la administraci\u00f3n educativa. Esta experiencia, a la que hemos querido llamar Radio El Duque, va ya para casi tres a\u00f1os de andadura. Est\u00e1 siendo muy bien aceptada por parte de toda la comunidad educativa y poco a poco va madurando, ampliando y adquiriendo nuevas necesidades.<\/p>\n<p>El Excelent\u00edsimo Ayuntamiento de Hornachuelos se ha interesado y se ha puesto en contacto con el centro ofreciendo la posibilidad de emitir en diferido las grabaciones de los programas diarios que se realicen en el centro. Es un honor el saber que se interesan por el trabajo de nuestros alumnos y que nos prestan todo los medios t\u00e9cnicos a los cuales no tenemos acceso.<\/p>\n<p>Tras un largo, largu\u00edsimo, tiempo de espera, al fin, esta semana se ha hecho realidad.<\/p>\n<p>Radio El Duque ya est\u00e1 en las ondas gracias a la inestimable colaboraci\u00f3n de Radio Hornachuelos.<\/p>\n<p>La emisora local amablemente presta su dial, su programaci\u00f3n, su tiempo, sus recursos y, sobre todo, su equipo a que nuestra radio escolar llegue m\u00e1s tiempo y, mucho m\u00e1s importante, m\u00e1s lejos. M\u00e1s all\u00e1 de los l\u00edmites de nuestro querido instituto IES Duque de Rivas. A cada receptor, a cada domicilio, donde todas las familias puedan disfrutar de la m\u00fasica y de las interesantes aportaciones de nuestros alumnos y alumnas locutores.<\/p>\n<p>Podemos escuchar las emisiones de Radio El Duque a las 12:00 y a las 15:30 en el dial 107.0 FM<\/p>\n<p>Este proyecto se hace posible gracias a la colaboraci\u00f3n de un equipo personas est\u00e1 dispuesto a poner su granito de arena. Gracias al Excelent\u00edsimo Ayuntamiento de Hornachuelos, a Radio Hornachuelos, al IES Duque de Rivas, su directiva, que desde el primer momento no dud\u00f3 en apoyarlo con todos los medios necesarios, al profesorado implicado que de manera totalmente desinteresada trabaja \u00a0d\u00eda a d\u00eda y sobre todo a nuestro alumnado locutor. Por y para ellos naci\u00f3 Radio El Duque.<\/p>\n<p><a href=\"https:\/\/www.facebook.com\/Radio-Hornachuelos-FM-1569049570051631\/?ref=nf\"><img fetchpriority=\"high\" decoding=\"async\" class=\"  wp-image-2464 aligncenter\" src=\"http:\/\/www.iesduquederivas.es\/wp-content\/uploads\/2016\/02\/Radio-HOrnachuelos-e1456351855595.jpg\" alt=\"Radio HOrnachuelos\" width=\"820\" height=\"324\" \/><\/a><\/p>\n","protected":false},"excerpt":{"rendered":"<p>&nbsp; Estimadas familias: Ya saben por boca de sus hijos que en nuestro centro se est\u00e1 llevando a cabo una experiencia innovadora que cuenta con el apoyo de la administraci\u00f3n educativa. Esta experiencia, a&#46;&#46;&#46;<\/p>\n","protected":false},"author":8456,"featured_media":0,"comment_status":"closed","ping_status":"closed","sticky":false,"template":"","format":"standard","meta":{"ngg_post_thumbnail":0,"footnotes":""},"categories":[11910],"tags":[],"aioseo_notices":[],"_links":{"self":[{"href":"https:\/\/blogsaverroes.juntadeandalucia.es\/iesduquederivas\/wp-json\/wp\/v2\/posts\/2462"}],"collection":[{"href":"https:\/\/blogsaverroes.juntadeandalucia.es\/iesduquederivas\/wp-json\/wp\/v2\/posts"}],"about":[{"href":"https:\/\/blogsaverroes.juntadeandalucia.es\/iesduquederivas\/wp-json\/wp\/v2\/types\/post"}],"author":[{"embeddable":true,"href":"https:\/\/blogsaverroes.juntadeandalucia.es\/iesduquederivas\/wp-json\/wp\/v2\/users\/8456"}],"replies":[{"embeddable":true,"href":"https:\/\/blogsaverroes.juntadeandalucia.es\/iesduquederivas\/wp-json\/wp\/v2\/comments?post=2462"}],"version-history":[{"count":0,"href":"https:\/\/blogsaverroes.juntadeandalucia.es\/iesduquederivas\/wp-json\/wp\/v2\/posts\/2462\/revisions"}],"wp:attachment":[{"href":"https:\/\/blogsaverroes.juntadeandalucia.es\/iesduquederivas\/wp-json\/wp\/v2\/media?parent=2462"}],"wp:term":[{"taxonomy":"category","embeddable":true,"href":"https:\/\/blogsaverroes.juntadeandalucia.es\/iesduquederivas\/wp-json\/wp\/v2\/categories?post=2462"},{"taxonomy":"post_tag","embeddable":true,"href":"https:\/\/blogsaverroes.juntadeandalucia.es\/iesduquederivas\/wp-json\/wp\/v2\/tags?post=2462"}],"curies":[{"name":"wp","href":"https:\/\/api.w.org\/{rel}","templated":true}]}}