{"id":2919,"date":"2016-04-20T18:37:03","date_gmt":"2016-04-20T17:37:03","guid":{"rendered":"http:\/\/www.iesduquederivas.es\/?p=2919"},"modified":"2016-04-20T18:37:03","modified_gmt":"2016-04-20T17:37:03","slug":"dia-del-libro-2016","status":"publish","type":"post","link":"https:\/\/blogsaverroes.juntadeandalucia.es\/iesduquederivas\/dia-del-libro-2016\/","title":{"rendered":"D\u00eda del Libro 2016"},"content":{"rendered":"<p>Con motivo de la celebraci\u00f3n del <b>D\u00eda del Libro (23 de abril), los D<\/b>epartamentos de Lengua Castellana y Literatura y la Biblioteca han programado una serie de actividades con el fin de acercar a todos\/as nuestros\/as alumnos el placer por la lectura. Esperamos que lo disfruten.<\/p>\n<p><a href=\"http:\/\/www.iesduquederivas.es\/wp-content\/uploads\/2016\/04\/sdvsdf.jpg\"><img fetchpriority=\"high\" decoding=\"async\" class=\"aligncenter size-full wp-image-2922\" src=\"http:\/\/www.iesduquederivas.es\/wp-content\/uploads\/2016\/04\/sdvsdf.jpg\" alt=\"sdvsdf\" width=\"378\" height=\"552\" \/><\/a><a href=\"http:\/\/www.iesduquederivas.es\/wp-content\/uploads\/2016\/04\/asdf.jpg\"><img decoding=\"async\" class=\"aligncenter  wp-image-2920\" src=\"http:\/\/www.iesduquederivas.es\/wp-content\/uploads\/2016\/04\/asdf.jpg\" alt=\"asdf\" width=\"370\" height=\"579\" \/><\/a><a href=\"http:\/\/www.iesduquederivas.es\/wp-content\/uploads\/2016\/04\/zcvzxvc.jpg\"><img decoding=\"async\" class=\"aligncenter  wp-image-2923\" src=\"http:\/\/www.iesduquederivas.es\/wp-content\/uploads\/2016\/04\/zcvzxvc.jpg\" alt=\"zcvzxvc\" width=\"365\" height=\"614\" \/><\/a><a href=\"http:\/\/www.iesduquederivas.es\/wp-content\/uploads\/2016\/04\/sdva.jpg\"><img loading=\"lazy\" decoding=\"async\" class=\"aligncenter  wp-image-2921\" src=\"http:\/\/www.iesduquederivas.es\/wp-content\/uploads\/2016\/04\/sdva.jpg\" alt=\"sdva\" width=\"367\" height=\"254\" \/><\/a><\/p>\n","protected":false},"excerpt":{"rendered":"<p>Con motivo de la celebraci\u00f3n del D\u00eda del Libro (23 de abril), los Departamentos de Lengua Castellana y Literatura y la Biblioteca han programado una serie de actividades con el fin de acercar a&#46;&#46;&#46;<\/p>\n","protected":false},"author":8456,"featured_media":0,"comment_status":"closed","ping_status":"closed","sticky":false,"template":"","format":"standard","meta":{"ngg_post_thumbnail":0,"footnotes":""},"categories":[11909],"tags":[],"aioseo_notices":[],"_links":{"self":[{"href":"https:\/\/blogsaverroes.juntadeandalucia.es\/iesduquederivas\/wp-json\/wp\/v2\/posts\/2919"}],"collection":[{"href":"https:\/\/blogsaverroes.juntadeandalucia.es\/iesduquederivas\/wp-json\/wp\/v2\/posts"}],"about":[{"href":"https:\/\/blogsaverroes.juntadeandalucia.es\/iesduquederivas\/wp-json\/wp\/v2\/types\/post"}],"author":[{"embeddable":true,"href":"https:\/\/blogsaverroes.juntadeandalucia.es\/iesduquederivas\/wp-json\/wp\/v2\/users\/8456"}],"replies":[{"embeddable":true,"href":"https:\/\/blogsaverroes.juntadeandalucia.es\/iesduquederivas\/wp-json\/wp\/v2\/comments?post=2919"}],"version-history":[{"count":0,"href":"https:\/\/blogsaverroes.juntadeandalucia.es\/iesduquederivas\/wp-json\/wp\/v2\/posts\/2919\/revisions"}],"wp:attachment":[{"href":"https:\/\/blogsaverroes.juntadeandalucia.es\/iesduquederivas\/wp-json\/wp\/v2\/media?parent=2919"}],"wp:term":[{"taxonomy":"category","embeddable":true,"href":"https:\/\/blogsaverroes.juntadeandalucia.es\/iesduquederivas\/wp-json\/wp\/v2\/categories?post=2919"},{"taxonomy":"post_tag","embeddable":true,"href":"https:\/\/blogsaverroes.juntadeandalucia.es\/iesduquederivas\/wp-json\/wp\/v2\/tags?post=2919"}],"curies":[{"name":"wp","href":"https:\/\/api.w.org\/{rel}","templated":true}]}}