{"id":3289,"date":"2016-09-13T11:47:30","date_gmt":"2016-09-13T10:47:30","guid":{"rendered":"http:\/\/www.iesduquederivas.es\/?p=3289"},"modified":"2016-09-13T11:47:30","modified_gmt":"2016-09-13T10:47:30","slug":"3289","status":"publish","type":"post","link":"https:\/\/blogsaverroes.juntadeandalucia.es\/iesduquederivas\/3289\/","title":{"rendered":"Inicio de curso 2016-2017"},"content":{"rendered":"<p><a href=\"http:\/\/www.iesduquederivas.es\/wp-content\/uploads\/2016\/09\/Sin-t\u00edtulo.png\"><img fetchpriority=\"high\" decoding=\"async\" class=\"aligncenter wp-image-3290 size-full\" src=\"http:\/\/www.iesduquederivas.es\/wp-content\/uploads\/2016\/09\/Sin-t\u00edtulo-e1473763754164.png\" alt=\"sin-titulo\" width=\"638\" height=\"302\" \/><\/a>El pr\u00f3ximo jueves\u00a0<strong>15 de Septiembre <\/strong>a las <strong>12.00<\/strong>\u00a0comienza el curso para<strong> todo el alumnado<\/strong>. Volveremos a vernos y tendremos oportunidad de comenzar juntos este nuevo curso.<\/p>\n<p>El alumnado de 1\u00ba ESO debe dirigirse al Sal\u00f3n de Usos M\u00faltiples (SUM) donde ser\u00e1n recibidos por su tutor o tutora y la Jefa de Estudios. El resto del alumnado ser\u00e1 recibido por su tutor o tutora en las aulas correspondientes a cada grupo.<\/p>\n<p>Quedan pocos d\u00edas y ya hay que ir preparando todo lo necesario para este primer d\u00eda:<strong> cuadernos, bol\u00edgrafos, l\u00e1pices<\/strong>&#8230; No te los olvides pues har\u00e1n falta para las primeras anotaciones: horarios, material, profesorado&#8230;..<\/p>\n<p>\u00c1nimo para empezar este nuevo curso con ilusi\u00f3n y energ\u00eda.<\/p>\n<p>Hasta pronto.<\/p>\n","protected":false},"excerpt":{"rendered":"<p>El pr\u00f3ximo jueves\u00a015 de Septiembre a las 12.00\u00a0comienza el curso para todo el alumnado. Volveremos a vernos y tendremos oportunidad de comenzar juntos este nuevo curso. El alumnado de 1\u00ba ESO debe dirigirse al&#46;&#46;&#46;<\/p>\n","protected":false},"author":8456,"featured_media":0,"comment_status":"closed","ping_status":"closed","sticky":false,"template":"","format":"standard","meta":{"ngg_post_thumbnail":0,"footnotes":""},"categories":[11909],"tags":[],"aioseo_notices":[],"_links":{"self":[{"href":"https:\/\/blogsaverroes.juntadeandalucia.es\/iesduquederivas\/wp-json\/wp\/v2\/posts\/3289"}],"collection":[{"href":"https:\/\/blogsaverroes.juntadeandalucia.es\/iesduquederivas\/wp-json\/wp\/v2\/posts"}],"about":[{"href":"https:\/\/blogsaverroes.juntadeandalucia.es\/iesduquederivas\/wp-json\/wp\/v2\/types\/post"}],"author":[{"embeddable":true,"href":"https:\/\/blogsaverroes.juntadeandalucia.es\/iesduquederivas\/wp-json\/wp\/v2\/users\/8456"}],"replies":[{"embeddable":true,"href":"https:\/\/blogsaverroes.juntadeandalucia.es\/iesduquederivas\/wp-json\/wp\/v2\/comments?post=3289"}],"version-history":[{"count":0,"href":"https:\/\/blogsaverroes.juntadeandalucia.es\/iesduquederivas\/wp-json\/wp\/v2\/posts\/3289\/revisions"}],"wp:attachment":[{"href":"https:\/\/blogsaverroes.juntadeandalucia.es\/iesduquederivas\/wp-json\/wp\/v2\/media?parent=3289"}],"wp:term":[{"taxonomy":"category","embeddable":true,"href":"https:\/\/blogsaverroes.juntadeandalucia.es\/iesduquederivas\/wp-json\/wp\/v2\/categories?post=3289"},{"taxonomy":"post_tag","embeddable":true,"href":"https:\/\/blogsaverroes.juntadeandalucia.es\/iesduquederivas\/wp-json\/wp\/v2\/tags?post=3289"}],"curies":[{"name":"wp","href":"https:\/\/api.w.org\/{rel}","templated":true}]}}