{"id":3317,"date":"2016-10-18T15:34:09","date_gmt":"2016-10-18T14:34:09","guid":{"rendered":"http:\/\/www.iesduquederivas.es\/?p=3317"},"modified":"2016-10-18T15:34:09","modified_gmt":"2016-10-18T14:34:09","slug":"otoneando","status":"publish","type":"post","link":"https:\/\/blogsaverroes.juntadeandalucia.es\/iesduquederivas\/otoneando\/","title":{"rendered":"Oto\u00f1eando\u00a0"},"content":{"rendered":"<p>Con la llegada del oto\u00f1o nuestro entorno empieza a cambiar. Observamos c\u00f3mo nuestros parques se vuelven cada vez m\u00e1s dorados y marrones, los suelos se llenan de hojas ca\u00eddas, nuestra ropa empieza a ser m\u00e1s larguita, el sol calienta menos, los d\u00edas son m\u00e1s cortos y\u00a0nublados, comemos\u00a0frutas de temporada,\u00a0como\u00a0naranjas y mandarinas y riqu\u00edsimos frutos secos como las casta\u00f1as y nueces.<\/p>\n<div id=\"yui_3_16_0_ym19_1_1476799975664_6319\">\n<div id=\"yui_3_16_0_ym19_1_1476799975664_6318\">\n<div id=\"yui_3_16_0_ym19_1_1476799975664_6336\">Nuestros chicos del Aula Espec\u00edfica, V\u00edctor y Jose Angel, \u00a0trabajan diariamente sobre el oto\u00f1o: cantamos canciones, aprendemos poes\u00edas, diferenciamos frutas y frutos secos del oto\u00f1o, realizamos distintas manualidades, etc.<\/div>\n<div id=\"yui_3_16_0_ym19_1_1476799975664_6317\">Una muestra de algunas de estas actividades son:<\/div>\n<div id=\"yui_3_16_0_ym19_1_1476799975664_6324\"><i>\u00a0<\/i><\/div>\n<div id=\"yui_3_16_0_ym19_1_1476799975664_6323\"><i id=\"yui_3_16_0_ym19_1_1476799975664_6335\"><b id=\"yui_3_16_0_ym19_1_1476799975664_6334\"><span id=\"yui_3_16_0_ym19_1_1476799975664_6333\" style=\"text-decoration: underline\">MURAL DEL OTO\u00d1O<\/span><\/b><\/i><\/div>\n<div><a href=\"http:\/\/www.iesduquederivas.es\/wp-content\/uploads\/2016\/10\/IMG-20161019-WA0007.jpg\"><img fetchpriority=\"high\" decoding=\"async\" class=\"aligncenter  wp-image-3339\" src=\"http:\/\/www.iesduquederivas.es\/wp-content\/uploads\/2016\/10\/IMG-20161019-WA0007-150x150.jpg\" alt=\"img-20161019-wa0007\" width=\"263\" height=\"263\" \/><\/a><a href=\"http:\/\/www.iesduquederivas.es\/wp-content\/uploads\/2016\/10\/IMG_4738.jpg\"><br \/>\n<\/a><\/p>\n<div id=\"yui_3_16_0_ym19_1_1476799975664_6404\"><b id=\"yui_3_16_0_ym19_1_1476799975664_6642\"><span id=\"yui_3_16_0_ym19_1_1476799975664_6641\" style=\"text-decoration: underline\">TALLER DE COCINA<\/span><\/b><\/div>\n<div id=\"yui_3_16_0_ym19_1_1476799975664_6403\">Con \u00a0naranjas y uvas, hicimos una divertida mariposa &#8230;. \u00a1Qu\u00e9 rica!<\/div>\n<div>\u00a0[metaslider id=3320]<\/div>\n<\/div>\n<\/div>\n<\/div>\n","protected":false},"excerpt":{"rendered":"<p>Con la llegada del oto\u00f1o nuestro entorno empieza a cambiar. Observamos c\u00f3mo nuestros parques se vuelven cada vez m\u00e1s dorados y marrones, los suelos se llenan de hojas ca\u00eddas, nuestra ropa empieza a ser&#46;&#46;&#46;<\/p>\n","protected":false},"author":8456,"featured_media":0,"comment_status":"closed","ping_status":"closed","sticky":false,"template":"","format":"standard","meta":{"ngg_post_thumbnail":0,"footnotes":""},"categories":[11909],"tags":[],"aioseo_notices":[],"_links":{"self":[{"href":"https:\/\/blogsaverroes.juntadeandalucia.es\/iesduquederivas\/wp-json\/wp\/v2\/posts\/3317"}],"collection":[{"href":"https:\/\/blogsaverroes.juntadeandalucia.es\/iesduquederivas\/wp-json\/wp\/v2\/posts"}],"about":[{"href":"https:\/\/blogsaverroes.juntadeandalucia.es\/iesduquederivas\/wp-json\/wp\/v2\/types\/post"}],"author":[{"embeddable":true,"href":"https:\/\/blogsaverroes.juntadeandalucia.es\/iesduquederivas\/wp-json\/wp\/v2\/users\/8456"}],"replies":[{"embeddable":true,"href":"https:\/\/blogsaverroes.juntadeandalucia.es\/iesduquederivas\/wp-json\/wp\/v2\/comments?post=3317"}],"version-history":[{"count":0,"href":"https:\/\/blogsaverroes.juntadeandalucia.es\/iesduquederivas\/wp-json\/wp\/v2\/posts\/3317\/revisions"}],"wp:attachment":[{"href":"https:\/\/blogsaverroes.juntadeandalucia.es\/iesduquederivas\/wp-json\/wp\/v2\/media?parent=3317"}],"wp:term":[{"taxonomy":"category","embeddable":true,"href":"https:\/\/blogsaverroes.juntadeandalucia.es\/iesduquederivas\/wp-json\/wp\/v2\/categories?post=3317"},{"taxonomy":"post_tag","embeddable":true,"href":"https:\/\/blogsaverroes.juntadeandalucia.es\/iesduquederivas\/wp-json\/wp\/v2\/tags?post=3317"}],"curies":[{"name":"wp","href":"https:\/\/api.w.org\/{rel}","templated":true}]}}