{"id":3342,"date":"2016-11-01T21:14:54","date_gmt":"2016-11-01T20:14:54","guid":{"rendered":"http:\/\/www.iesduquederivas.es\/?p=3342"},"modified":"2016-11-01T21:14:54","modified_gmt":"2016-11-01T20:14:54","slug":"una-clase-terrorifica","status":"publish","type":"post","link":"https:\/\/blogsaverroes.juntadeandalucia.es\/iesduquederivas\/una-clase-terrorifica\/","title":{"rendered":"Una clase terror\u00edfica!!!"},"content":{"rendered":"<p>Como ya sabemos, el 31 de octubre a las 12 de la noche comienza Halloween o la Noche de las Brujas. Nuestro chicos del Aula Espec\u00edfica , V\u00edctor y Jose Angel, han trabajado durante esta semana distintas manualidades de Halloween con materiales de reciclaje. Hicimos telara\u00f1as con bolsas de basura, vampiritos con papel higi\u00e9nico y unos temibles monstruos con botellas de pl\u00e1stico para guardar nuestras chuches y caramelos.<br \/>\nAdem\u00e1s, los compa\u00f1eros del taller de carpinter\u00eda nos fabricaron una calabaza de madera, la cual pintamos para la ocasi\u00f3n.<br \/>\nPara terminar con esta actividad, celebramos una fiesta de disfraces de Halloween con nuestras compa\u00f1eras del Aula de Apoyo: Laura, Esther, Ainhoa y Jennifer. Lo pasamos terror\u00edficamente bien!!![metaslider id=3344]<\/p>\n","protected":false},"excerpt":{"rendered":"<p>Como ya sabemos, el 31 de octubre a las 12 de la noche comienza Halloween o la Noche de las Brujas. Nuestro chicos del Aula Espec\u00edfica , V\u00edctor y Jose Angel, han trabajado durante&#46;&#46;&#46;<\/p>\n","protected":false},"author":8456,"featured_media":0,"comment_status":"closed","ping_status":"closed","sticky":false,"template":"","format":"standard","meta":{"ngg_post_thumbnail":0,"footnotes":""},"categories":[11909],"tags":[],"aioseo_notices":[],"_links":{"self":[{"href":"https:\/\/blogsaverroes.juntadeandalucia.es\/iesduquederivas\/wp-json\/wp\/v2\/posts\/3342"}],"collection":[{"href":"https:\/\/blogsaverroes.juntadeandalucia.es\/iesduquederivas\/wp-json\/wp\/v2\/posts"}],"about":[{"href":"https:\/\/blogsaverroes.juntadeandalucia.es\/iesduquederivas\/wp-json\/wp\/v2\/types\/post"}],"author":[{"embeddable":true,"href":"https:\/\/blogsaverroes.juntadeandalucia.es\/iesduquederivas\/wp-json\/wp\/v2\/users\/8456"}],"replies":[{"embeddable":true,"href":"https:\/\/blogsaverroes.juntadeandalucia.es\/iesduquederivas\/wp-json\/wp\/v2\/comments?post=3342"}],"version-history":[{"count":0,"href":"https:\/\/blogsaverroes.juntadeandalucia.es\/iesduquederivas\/wp-json\/wp\/v2\/posts\/3342\/revisions"}],"wp:attachment":[{"href":"https:\/\/blogsaverroes.juntadeandalucia.es\/iesduquederivas\/wp-json\/wp\/v2\/media?parent=3342"}],"wp:term":[{"taxonomy":"category","embeddable":true,"href":"https:\/\/blogsaverroes.juntadeandalucia.es\/iesduquederivas\/wp-json\/wp\/v2\/categories?post=3342"},{"taxonomy":"post_tag","embeddable":true,"href":"https:\/\/blogsaverroes.juntadeandalucia.es\/iesduquederivas\/wp-json\/wp\/v2\/tags?post=3342"}],"curies":[{"name":"wp","href":"https:\/\/api.w.org\/{rel}","templated":true}]}}