{"id":3555,"date":"2017-01-19T22:33:49","date_gmt":"2017-01-19T21:33:49","guid":{"rendered":"http:\/\/www.iesduquederivas.es\/?p=3555"},"modified":"2017-01-19T22:33:49","modified_gmt":"2017-01-19T21:33:49","slug":"bienvenido-invierno","status":"publish","type":"post","link":"https:\/\/blogsaverroes.juntadeandalucia.es\/iesduquederivas\/bienvenido-invierno\/","title":{"rendered":"Bienvenido invierno"},"content":{"rendered":"<p>\u00a1\u00a1\u00a1Qu\u00e9 fr\u00edo!!! Son las palabras m\u00e1s escuchadas en estos d\u00edas&#8230;. el invierno lleg\u00f3 con sus bajas temperaturas, oblig\u00e1ndonos a sacar los gorros, bufandas y guantes. El algunas ciudades ha nevado y en el aula de educaci\u00f3n especial\u00a0del IES Duque de Rivas tambi\u00e9n ha ca\u00eddo algo de nieves&#8230;. \ud83d\ude09<\/p>\n<p>[metaslider id=3549]<\/p>\n","protected":false},"excerpt":{"rendered":"<p>\u00a1\u00a1\u00a1Qu\u00e9 fr\u00edo!!! Son las palabras m\u00e1s escuchadas en estos d\u00edas&#8230;. el invierno lleg\u00f3 con sus bajas temperaturas, oblig\u00e1ndonos a sacar los gorros, bufandas y guantes. El algunas ciudades ha nevado y en el aula&#46;&#46;&#46;<\/p>\n","protected":false},"author":8456,"featured_media":0,"comment_status":"closed","ping_status":"closed","sticky":false,"template":"","format":"standard","meta":{"ngg_post_thumbnail":0,"footnotes":""},"categories":[11909],"tags":[],"aioseo_notices":[],"_links":{"self":[{"href":"https:\/\/blogsaverroes.juntadeandalucia.es\/iesduquederivas\/wp-json\/wp\/v2\/posts\/3555"}],"collection":[{"href":"https:\/\/blogsaverroes.juntadeandalucia.es\/iesduquederivas\/wp-json\/wp\/v2\/posts"}],"about":[{"href":"https:\/\/blogsaverroes.juntadeandalucia.es\/iesduquederivas\/wp-json\/wp\/v2\/types\/post"}],"author":[{"embeddable":true,"href":"https:\/\/blogsaverroes.juntadeandalucia.es\/iesduquederivas\/wp-json\/wp\/v2\/users\/8456"}],"replies":[{"embeddable":true,"href":"https:\/\/blogsaverroes.juntadeandalucia.es\/iesduquederivas\/wp-json\/wp\/v2\/comments?post=3555"}],"version-history":[{"count":0,"href":"https:\/\/blogsaverroes.juntadeandalucia.es\/iesduquederivas\/wp-json\/wp\/v2\/posts\/3555\/revisions"}],"wp:attachment":[{"href":"https:\/\/blogsaverroes.juntadeandalucia.es\/iesduquederivas\/wp-json\/wp\/v2\/media?parent=3555"}],"wp:term":[{"taxonomy":"category","embeddable":true,"href":"https:\/\/blogsaverroes.juntadeandalucia.es\/iesduquederivas\/wp-json\/wp\/v2\/categories?post=3555"},{"taxonomy":"post_tag","embeddable":true,"href":"https:\/\/blogsaverroes.juntadeandalucia.es\/iesduquederivas\/wp-json\/wp\/v2\/tags?post=3555"}],"curies":[{"name":"wp","href":"https:\/\/api.w.org\/{rel}","templated":true}]}}