{"id":3973,"date":"2017-06-18T22:14:47","date_gmt":"2017-06-18T21:14:47","guid":{"rendered":"http:\/\/www.iesduquederivas.es\/?p=3973"},"modified":"2017-06-18T22:14:47","modified_gmt":"2017-06-18T21:14:47","slug":"nuestro-huerto","status":"publish","type":"post","link":"https:\/\/blogsaverroes.juntadeandalucia.es\/iesduquederivas\/nuestro-huerto\/","title":{"rendered":"Nuestro huerto"},"content":{"rendered":"<p>En nuestro huerto empiezan a verse los primeros frutos. Tenemos plantados coles, coliflores, una tomatera y menta.<br \/>\nJose y V\u00edctor se encargan de cuidar el huerto, quitar las malas hierbas y regar. Es una actividad que les gusta mucho y m\u00e1s ahora que empezamos a ver peque\u00f1os tomates!!![metaslider id=3975]<\/p>\n","protected":false},"excerpt":{"rendered":"<p>En nuestro huerto empiezan a verse los primeros frutos. Tenemos plantados coles, coliflores, una tomatera y menta. Jose y V\u00edctor se encargan de cuidar el huerto, quitar las malas hierbas y regar. Es una&#46;&#46;&#46;<\/p>\n","protected":false},"author":8456,"featured_media":0,"comment_status":"closed","ping_status":"closed","sticky":false,"template":"","format":"standard","meta":{"ngg_post_thumbnail":0,"footnotes":""},"categories":[11909],"tags":[],"aioseo_notices":[],"_links":{"self":[{"href":"https:\/\/blogsaverroes.juntadeandalucia.es\/iesduquederivas\/wp-json\/wp\/v2\/posts\/3973"}],"collection":[{"href":"https:\/\/blogsaverroes.juntadeandalucia.es\/iesduquederivas\/wp-json\/wp\/v2\/posts"}],"about":[{"href":"https:\/\/blogsaverroes.juntadeandalucia.es\/iesduquederivas\/wp-json\/wp\/v2\/types\/post"}],"author":[{"embeddable":true,"href":"https:\/\/blogsaverroes.juntadeandalucia.es\/iesduquederivas\/wp-json\/wp\/v2\/users\/8456"}],"replies":[{"embeddable":true,"href":"https:\/\/blogsaverroes.juntadeandalucia.es\/iesduquederivas\/wp-json\/wp\/v2\/comments?post=3973"}],"version-history":[{"count":0,"href":"https:\/\/blogsaverroes.juntadeandalucia.es\/iesduquederivas\/wp-json\/wp\/v2\/posts\/3973\/revisions"}],"wp:attachment":[{"href":"https:\/\/blogsaverroes.juntadeandalucia.es\/iesduquederivas\/wp-json\/wp\/v2\/media?parent=3973"}],"wp:term":[{"taxonomy":"category","embeddable":true,"href":"https:\/\/blogsaverroes.juntadeandalucia.es\/iesduquederivas\/wp-json\/wp\/v2\/categories?post=3973"},{"taxonomy":"post_tag","embeddable":true,"href":"https:\/\/blogsaverroes.juntadeandalucia.es\/iesduquederivas\/wp-json\/wp\/v2\/tags?post=3973"}],"curies":[{"name":"wp","href":"https:\/\/api.w.org\/{rel}","templated":true}]}}