{"id":4314,"date":"2017-12-03T10:24:38","date_gmt":"2017-12-03T09:24:38","guid":{"rendered":"http:\/\/www.iesduquederivas.es\/?p=4314"},"modified":"2017-12-03T10:24:38","modified_gmt":"2017-12-03T09:24:38","slug":"excursion-al-castillo-de-almodovar","status":"publish","type":"post","link":"https:\/\/blogsaverroes.juntadeandalucia.es\/iesduquederivas\/excursion-al-castillo-de-almodovar\/","title":{"rendered":"EXCURSI\u00d3N AL CASTILLO DE ALMOD\u00d3VAR"},"content":{"rendered":"<p>El martes 28 de noviembre, los alumnos de 2 de la ESO junto con los alumnos de Apoyo y del AULA Espec\u00edfica, hicimos una visita teatralizada al Castillo de Almod\u00f3var . All\u00ed, nos ense\u00f1aron las distintas dependencias del castillo y su uso. Fue una forma divertida de conocer la Edad Media y su historia<\/p>\n<p>[metaslider id=4310]<\/p>\n","protected":false},"excerpt":{"rendered":"<p>El martes 28 de noviembre, los alumnos de 2 de la ESO junto con los alumnos de Apoyo y del AULA Espec\u00edfica, hicimos una visita teatralizada al Castillo de Almod\u00f3var . All\u00ed, nos ense\u00f1aron&#46;&#46;&#46;<\/p>\n","protected":false},"author":8456,"featured_media":0,"comment_status":"closed","ping_status":"closed","sticky":false,"template":"","format":"standard","meta":{"ngg_post_thumbnail":0,"footnotes":""},"categories":[11909],"tags":[],"aioseo_notices":[],"_links":{"self":[{"href":"https:\/\/blogsaverroes.juntadeandalucia.es\/iesduquederivas\/wp-json\/wp\/v2\/posts\/4314"}],"collection":[{"href":"https:\/\/blogsaverroes.juntadeandalucia.es\/iesduquederivas\/wp-json\/wp\/v2\/posts"}],"about":[{"href":"https:\/\/blogsaverroes.juntadeandalucia.es\/iesduquederivas\/wp-json\/wp\/v2\/types\/post"}],"author":[{"embeddable":true,"href":"https:\/\/blogsaverroes.juntadeandalucia.es\/iesduquederivas\/wp-json\/wp\/v2\/users\/8456"}],"replies":[{"embeddable":true,"href":"https:\/\/blogsaverroes.juntadeandalucia.es\/iesduquederivas\/wp-json\/wp\/v2\/comments?post=4314"}],"version-history":[{"count":0,"href":"https:\/\/blogsaverroes.juntadeandalucia.es\/iesduquederivas\/wp-json\/wp\/v2\/posts\/4314\/revisions"}],"wp:attachment":[{"href":"https:\/\/blogsaverroes.juntadeandalucia.es\/iesduquederivas\/wp-json\/wp\/v2\/media?parent=4314"}],"wp:term":[{"taxonomy":"category","embeddable":true,"href":"https:\/\/blogsaverroes.juntadeandalucia.es\/iesduquederivas\/wp-json\/wp\/v2\/categories?post=4314"},{"taxonomy":"post_tag","embeddable":true,"href":"https:\/\/blogsaverroes.juntadeandalucia.es\/iesduquederivas\/wp-json\/wp\/v2\/tags?post=4314"}],"curies":[{"name":"wp","href":"https:\/\/api.w.org\/{rel}","templated":true}]}}