{"id":4644,"date":"2018-02-20T22:40:27","date_gmt":"2018-02-20T21:40:27","guid":{"rendered":"http:\/\/www.iesduquederivas.es\/?p=4644"},"modified":"2018-02-20T22:40:27","modified_gmt":"2018-02-20T21:40:27","slug":"salon-del-estudiante","status":"publish","type":"post","link":"https:\/\/blogsaverroes.juntadeandalucia.es\/iesduquederivas\/salon-del-estudiante\/","title":{"rendered":"Sal\u00f3n del Estudiante"},"content":{"rendered":"<p>Los alumnos y alumnas de 4 estuvimos en el Sal\u00f3n del Estudiante de Lucena, con el objetivo de conseguir la mayor informaci\u00f3n posible de todas las salidas acad\u00e9micas.<\/p>\n<p>[metaslider id=4623]<\/p>\n","protected":false},"excerpt":{"rendered":"<p>Los alumnos y alumnas de 4 estuvimos en el Sal\u00f3n del Estudiante de Lucena, con el objetivo de conseguir la mayor informaci\u00f3n posible de todas las salidas acad\u00e9micas. [metaslider id=4623]<\/p>\n","protected":false},"author":8456,"featured_media":0,"comment_status":"closed","ping_status":"closed","sticky":false,"template":"","format":"standard","meta":{"ngg_post_thumbnail":0,"footnotes":""},"categories":[11909],"tags":[],"aioseo_notices":[],"_links":{"self":[{"href":"https:\/\/blogsaverroes.juntadeandalucia.es\/iesduquederivas\/wp-json\/wp\/v2\/posts\/4644"}],"collection":[{"href":"https:\/\/blogsaverroes.juntadeandalucia.es\/iesduquederivas\/wp-json\/wp\/v2\/posts"}],"about":[{"href":"https:\/\/blogsaverroes.juntadeandalucia.es\/iesduquederivas\/wp-json\/wp\/v2\/types\/post"}],"author":[{"embeddable":true,"href":"https:\/\/blogsaverroes.juntadeandalucia.es\/iesduquederivas\/wp-json\/wp\/v2\/users\/8456"}],"replies":[{"embeddable":true,"href":"https:\/\/blogsaverroes.juntadeandalucia.es\/iesduquederivas\/wp-json\/wp\/v2\/comments?post=4644"}],"version-history":[{"count":0,"href":"https:\/\/blogsaverroes.juntadeandalucia.es\/iesduquederivas\/wp-json\/wp\/v2\/posts\/4644\/revisions"}],"wp:attachment":[{"href":"https:\/\/blogsaverroes.juntadeandalucia.es\/iesduquederivas\/wp-json\/wp\/v2\/media?parent=4644"}],"wp:term":[{"taxonomy":"category","embeddable":true,"href":"https:\/\/blogsaverroes.juntadeandalucia.es\/iesduquederivas\/wp-json\/wp\/v2\/categories?post=4644"},{"taxonomy":"post_tag","embeddable":true,"href":"https:\/\/blogsaverroes.juntadeandalucia.es\/iesduquederivas\/wp-json\/wp\/v2\/tags?post=4644"}],"curies":[{"name":"wp","href":"https:\/\/api.w.org\/{rel}","templated":true}]}}