{"id":4765,"date":"2018-03-11T20:31:35","date_gmt":"2018-03-11T19:31:35","guid":{"rendered":"http:\/\/www.iesduquederivas.es\/?p=4765"},"modified":"2018-03-11T20:31:35","modified_gmt":"2018-03-11T19:31:35","slug":"4765","status":"publish","type":"post","link":"https:\/\/blogsaverroes.juntadeandalucia.es\/iesduquederivas\/4765\/","title":{"rendered":"La Unidad Canina de la Polic\u00eda visita el IES Duque de Rivas"},"content":{"rendered":"<p>Hoy se ha realizado en el Ies una charla informativa sobre diatintas tem\u00e1ticas(acoso, violencia de g\u00e9nero, drogas y alcohol) que iban dirigida a los alumnos de 3 y 4 de la eso y 1 y 2 de Fpb.<br \/>\nDespu\u00e9s se realiz\u00f3 una exhibici\u00f3n con perros Polic\u00edas donde nos ense\u00f1aron como localizan las drogas.<\/p>\n<p>[metaslider id=4767]<\/p>\n<p><iframe title=\"VID 20180307 124245\" width=\"500\" height=\"281\" src=\"https:\/\/www.youtube.com\/embed\/o0dqEU3xKUE?feature=oembed&#038;wmode=opaque\" frameborder=\"0\" allow=\"accelerometer; autoplay; encrypted-media; gyroscope; picture-in-picture\" allowfullscreen><\/iframe><\/p>\n","protected":false},"excerpt":{"rendered":"<p>Hoy se ha realizado en el Ies una charla informativa sobre diatintas tem\u00e1ticas(acoso, violencia de g\u00e9nero, drogas y alcohol) que iban dirigida a los alumnos de 3 y 4 de la eso y 1&#46;&#46;&#46;<\/p>\n","protected":false},"author":8456,"featured_media":0,"comment_status":"closed","ping_status":"closed","sticky":false,"template":"","format":"standard","meta":{"ngg_post_thumbnail":0,"footnotes":""},"categories":[11909],"tags":[],"aioseo_notices":[],"_links":{"self":[{"href":"https:\/\/blogsaverroes.juntadeandalucia.es\/iesduquederivas\/wp-json\/wp\/v2\/posts\/4765"}],"collection":[{"href":"https:\/\/blogsaverroes.juntadeandalucia.es\/iesduquederivas\/wp-json\/wp\/v2\/posts"}],"about":[{"href":"https:\/\/blogsaverroes.juntadeandalucia.es\/iesduquederivas\/wp-json\/wp\/v2\/types\/post"}],"author":[{"embeddable":true,"href":"https:\/\/blogsaverroes.juntadeandalucia.es\/iesduquederivas\/wp-json\/wp\/v2\/users\/8456"}],"replies":[{"embeddable":true,"href":"https:\/\/blogsaverroes.juntadeandalucia.es\/iesduquederivas\/wp-json\/wp\/v2\/comments?post=4765"}],"version-history":[{"count":0,"href":"https:\/\/blogsaverroes.juntadeandalucia.es\/iesduquederivas\/wp-json\/wp\/v2\/posts\/4765\/revisions"}],"wp:attachment":[{"href":"https:\/\/blogsaverroes.juntadeandalucia.es\/iesduquederivas\/wp-json\/wp\/v2\/media?parent=4765"}],"wp:term":[{"taxonomy":"category","embeddable":true,"href":"https:\/\/blogsaverroes.juntadeandalucia.es\/iesduquederivas\/wp-json\/wp\/v2\/categories?post=4765"},{"taxonomy":"post_tag","embeddable":true,"href":"https:\/\/blogsaverroes.juntadeandalucia.es\/iesduquederivas\/wp-json\/wp\/v2\/tags?post=4765"}],"curies":[{"name":"wp","href":"https:\/\/api.w.org\/{rel}","templated":true}]}}