{"id":4879,"date":"2018-04-25T17:40:18","date_gmt":"2018-04-25T16:40:18","guid":{"rendered":"http:\/\/www.iesduquederivas.es\/?p=4879"},"modified":"2018-04-25T17:40:18","modified_gmt":"2018-04-25T16:40:18","slug":"viaje-a-almagro","status":"publish","type":"post","link":"https:\/\/blogsaverroes.juntadeandalucia.es\/iesduquederivas\/viaje-a-almagro\/","title":{"rendered":"Viaje a Almagro"},"content":{"rendered":"<p>Los alumnos de 2 y 3 de eso asistieron el pasado di24 de abril a la representaci\u00f3n de El m\u00e9dico a palos en el corral de comedias de Almagro.<br \/>\nTras la representaci\u00f3n asistieron a un coloquio donde les explicaron las caracter\u00edsticas de la de la obra y de los teatros barrocos y de las representaciones de la \u00e9poca.<br \/>\nLos alumnos disfrutaron durante todo el d\u00eda de dicha actividad.<\/p>\n<p>[metaslider id=4881]<\/p>\n","protected":false},"excerpt":{"rendered":"<p>Los alumnos de 2 y 3 de eso asistieron el pasado di24 de abril a la representaci\u00f3n de El m\u00e9dico a palos en el corral de comedias de Almagro. Tras la representaci\u00f3n asistieron a&#46;&#46;&#46;<\/p>\n","protected":false},"author":8456,"featured_media":0,"comment_status":"closed","ping_status":"closed","sticky":false,"template":"","format":"standard","meta":{"ngg_post_thumbnail":0,"footnotes":""},"categories":[11909],"tags":[],"aioseo_notices":[],"_links":{"self":[{"href":"https:\/\/blogsaverroes.juntadeandalucia.es\/iesduquederivas\/wp-json\/wp\/v2\/posts\/4879"}],"collection":[{"href":"https:\/\/blogsaverroes.juntadeandalucia.es\/iesduquederivas\/wp-json\/wp\/v2\/posts"}],"about":[{"href":"https:\/\/blogsaverroes.juntadeandalucia.es\/iesduquederivas\/wp-json\/wp\/v2\/types\/post"}],"author":[{"embeddable":true,"href":"https:\/\/blogsaverroes.juntadeandalucia.es\/iesduquederivas\/wp-json\/wp\/v2\/users\/8456"}],"replies":[{"embeddable":true,"href":"https:\/\/blogsaverroes.juntadeandalucia.es\/iesduquederivas\/wp-json\/wp\/v2\/comments?post=4879"}],"version-history":[{"count":0,"href":"https:\/\/blogsaverroes.juntadeandalucia.es\/iesduquederivas\/wp-json\/wp\/v2\/posts\/4879\/revisions"}],"wp:attachment":[{"href":"https:\/\/blogsaverroes.juntadeandalucia.es\/iesduquederivas\/wp-json\/wp\/v2\/media?parent=4879"}],"wp:term":[{"taxonomy":"category","embeddable":true,"href":"https:\/\/blogsaverroes.juntadeandalucia.es\/iesduquederivas\/wp-json\/wp\/v2\/categories?post=4879"},{"taxonomy":"post_tag","embeddable":true,"href":"https:\/\/blogsaverroes.juntadeandalucia.es\/iesduquederivas\/wp-json\/wp\/v2\/tags?post=4879"}],"curies":[{"name":"wp","href":"https:\/\/api.w.org\/{rel}","templated":true}]}}