{"id":5264,"date":"2018-11-07T12:52:46","date_gmt":"2018-11-07T11:52:46","guid":{"rendered":"http:\/\/www.iesduquederivas.es\/?p=5264"},"modified":"2018-11-07T12:52:46","modified_gmt":"2018-11-07T11:52:46","slug":"halloween-2018","status":"publish","type":"post","link":"https:\/\/blogsaverroes.juntadeandalucia.es\/iesduquederivas\/halloween-2018\/","title":{"rendered":"Halloween 2018"},"content":{"rendered":"<p>Presentaci\u00f3n del cortometraje de miedo del 31 de octubre realizado por el alumnado de 4\u00baB en la asignatura de Educaci\u00f3n Pl\u00e1stica y Audiovisual, dirigido por la profesora Cecilia Garc\u00eda\u00a0 \ud83d\ude08<\/p>\n<p>&nbsp;<\/p>\n<p>[metaslider id=5248]<\/p>\n","protected":false},"excerpt":{"rendered":"<p>Presentaci\u00f3n del cortometraje de miedo del 31 de octubre realizado por el alumnado de 4\u00baB en la asignatura de Educaci\u00f3n Pl\u00e1stica y Audiovisual, dirigido por la profesora Cecilia Garc\u00eda\u00a0 \ud83d\ude08 &nbsp; [metaslider id=5248]<\/p>\n","protected":false},"author":8456,"featured_media":0,"comment_status":"closed","ping_status":"closed","sticky":false,"template":"","format":"standard","meta":{"ngg_post_thumbnail":0,"footnotes":""},"categories":[11909],"tags":[],"aioseo_notices":[],"_links":{"self":[{"href":"https:\/\/blogsaverroes.juntadeandalucia.es\/iesduquederivas\/wp-json\/wp\/v2\/posts\/5264"}],"collection":[{"href":"https:\/\/blogsaverroes.juntadeandalucia.es\/iesduquederivas\/wp-json\/wp\/v2\/posts"}],"about":[{"href":"https:\/\/blogsaverroes.juntadeandalucia.es\/iesduquederivas\/wp-json\/wp\/v2\/types\/post"}],"author":[{"embeddable":true,"href":"https:\/\/blogsaverroes.juntadeandalucia.es\/iesduquederivas\/wp-json\/wp\/v2\/users\/8456"}],"replies":[{"embeddable":true,"href":"https:\/\/blogsaverroes.juntadeandalucia.es\/iesduquederivas\/wp-json\/wp\/v2\/comments?post=5264"}],"version-history":[{"count":0,"href":"https:\/\/blogsaverroes.juntadeandalucia.es\/iesduquederivas\/wp-json\/wp\/v2\/posts\/5264\/revisions"}],"wp:attachment":[{"href":"https:\/\/blogsaverroes.juntadeandalucia.es\/iesduquederivas\/wp-json\/wp\/v2\/media?parent=5264"}],"wp:term":[{"taxonomy":"category","embeddable":true,"href":"https:\/\/blogsaverroes.juntadeandalucia.es\/iesduquederivas\/wp-json\/wp\/v2\/categories?post=5264"},{"taxonomy":"post_tag","embeddable":true,"href":"https:\/\/blogsaverroes.juntadeandalucia.es\/iesduquederivas\/wp-json\/wp\/v2\/tags?post=5264"}],"curies":[{"name":"wp","href":"https:\/\/api.w.org\/{rel}","templated":true}]}}