{"id":10117,"date":"2025-03-21T09:17:28","date_gmt":"2025-03-21T09:17:28","guid":{"rendered":"https:\/\/blogsaverroes.juntadeandalucia.es\/ieselalmijar\/?p=10117"},"modified":"2025-03-21T09:17:57","modified_gmt":"2025-03-21T09:17:57","slug":"becas-mec-2025-2026","status":"publish","type":"post","link":"https:\/\/blogsaverroes.juntadeandalucia.es\/ieselalmijar\/2025\/03\/21\/becas-mec-2025-2026\/","title":{"rendered":"BECAS MEC 2025\/2026"},"content":{"rendered":"<p><a href=\"https:\/\/blogsaverroes.juntadeandalucia.es\/ieselalmijar\/files\/2025\/03\/becas-fp-bachillerato-2025-2026.jpg\"><img loading=\"lazy\" decoding=\"async\" class=\"alignleft size-thumbnail wp-image-10118\" src=\"https:\/\/blogsaverroes.juntadeandalucia.es\/ieselalmijar\/files\/2025\/03\/becas-fp-bachillerato-2025-2026-150x150.jpg\" alt=\"\" width=\"150\" height=\"150\" srcset=\"https:\/\/blogsaverroes.juntadeandalucia.es\/ieselalmijar\/files\/2025\/03\/becas-fp-bachillerato-2025-2026-150x150.jpg 150w, https:\/\/blogsaverroes.juntadeandalucia.es\/ieselalmijar\/files\/2025\/03\/becas-fp-bachillerato-2025-2026-80x80.jpg 80w, https:\/\/blogsaverroes.juntadeandalucia.es\/ieselalmijar\/files\/2025\/03\/becas-fp-bachillerato-2025-2026-320x320.jpg 320w\" sizes=\"(max-width: 150px) 100vw, 150px\" \/><\/a><\/p>\n<div class=\"xdj266r x11i5rnm xat24cr x1mh8g0r x1vvkbs x126k92a\">\n<div dir=\"auto\">Publicada la convocatoria general de becas para el curso 2025-2026<\/div>\n<div dir=\"auto\">Se ha publicado el 20 de marzo y se pueden solicitar las becas desde el 24 de marzo a las 8,00 hasta el 14 de mayo a las 15,00 de 2025.<\/div>\n<\/div>\n<div class=\"x11i5rnm xat24cr x1mh8g0r x1vvkbs xtlvy1s x126k92a\">\n<div dir=\"auto\">Para ello, pincha en la p\u00e1gina de este Portal: <span class=\"html-span xdj266r x11i5rnm xat24cr x1mh8g0r xexx8yu x4uap5 x18d9i69 xkhd6sd x1hl2dhg x16tdsg8 x1vvkbs\"><a class=\"x1i10hfl xjbqb8w x1ejq31n xd10rxx x1sy0etr x17r0tee x972fbf xcfux6l x1qhh985 xm0m39n x9f619 x1ypdohk xt0psk2 xe8uvvx xdj266r x11i5rnm xat24cr x1mh8g0r xexx8yu x4uap5 x18d9i69 xkhd6sd x16tdsg8 x1hl2dhg xggy1nq x1a2a7pz xkrqix3 x1sur9pj x1fey0fg x1s688f\" role=\"link\" href=\"https:\/\/www.becaseducacion.gob.es\/becas-y-ayudas.html?fbclid=IwZXh0bgNhZW0CMTAAAR2R40tRD8Vv07s7CrYOtihN67jEzBNC2eGRLT5uyXDUwoxkaMgWeJKqJjc_aem_Nap2GNrAYnB4aHPSexJI5Q\" target=\"_blank\" rel=\"nofollow noopener noreferrer\">https:\/\/www.becaseducacion.gob.es\/becas-y-ayudas.html<\/a><\/span><\/div>\n<div dir=\"auto\">SIGUE LOS PASOS DE REGISTRO Y LAS INTRUCCIONES. TODO ES TELEM\u00c1TICO.<\/div>\n<div dir=\"auto\">P\u00eddela en esas fechas, aunque nos sepas lo que vas a estudiar (pon los estudios que consideres m\u00e1s probables) o incluso si no sabes a\u00fan si va a estudiar o no.<\/div>\n<div dir=\"auto\">Y no te preocupes, que en septiembre podr\u00e1s entrar de nuevo en tu solicitud y cambiar los estudios que pusiste.<\/div>\n<div dir=\"auto\">Si no pides tu beca en este plazo, ya no podr\u00e1s pedirla m\u00e1s tarde.<\/div>\n<\/div>\n","protected":false},"excerpt":{"rendered":"<p>Publicada la convocatoria general de becas para el curso 2025-2026 Se ha publicado el 20 de marzo y se pueden solicitar las becas desde el 24 de marzo a las 8,00 hasta el 14&#46;&#46;&#46;<\/p>\n","protected":false},"author":2392,"featured_media":10118,"comment_status":"open","ping_status":"open","sticky":true,"template":"","format":"standard","meta":{"ngg_post_thumbnail":0,"footnotes":""},"categories":[307390,526,25510],"tags":[],"aioseo_notices":[],"_links":{"self":[{"href":"https:\/\/blogsaverroes.juntadeandalucia.es\/ieselalmijar\/wp-json\/wp\/v2\/posts\/10117"}],"collection":[{"href":"https:\/\/blogsaverroes.juntadeandalucia.es\/ieselalmijar\/wp-json\/wp\/v2\/posts"}],"about":[{"href":"https:\/\/blogsaverroes.juntadeandalucia.es\/ieselalmijar\/wp-json\/wp\/v2\/types\/post"}],"author":[{"embeddable":true,"href":"https:\/\/blogsaverroes.juntadeandalucia.es\/ieselalmijar\/wp-json\/wp\/v2\/users\/2392"}],"replies":[{"embeddable":true,"href":"https:\/\/blogsaverroes.juntadeandalucia.es\/ieselalmijar\/wp-json\/wp\/v2\/comments?post=10117"}],"version-history":[{"count":1,"href":"https:\/\/blogsaverroes.juntadeandalucia.es\/ieselalmijar\/wp-json\/wp\/v2\/posts\/10117\/revisions"}],"predecessor-version":[{"id":10119,"href":"https:\/\/blogsaverroes.juntadeandalucia.es\/ieselalmijar\/wp-json\/wp\/v2\/posts\/10117\/revisions\/10119"}],"wp:featuredmedia":[{"embeddable":true,"href":"https:\/\/blogsaverroes.juntadeandalucia.es\/ieselalmijar\/wp-json\/wp\/v2\/media\/10118"}],"wp:attachment":[{"href":"https:\/\/blogsaverroes.juntadeandalucia.es\/ieselalmijar\/wp-json\/wp\/v2\/media?parent=10117"}],"wp:term":[{"taxonomy":"category","embeddable":true,"href":"https:\/\/blogsaverroes.juntadeandalucia.es\/ieselalmijar\/wp-json\/wp\/v2\/categories?post=10117"},{"taxonomy":"post_tag","embeddable":true,"href":"https:\/\/blogsaverroes.juntadeandalucia.es\/ieselalmijar\/wp-json\/wp\/v2\/tags?post=10117"}],"curies":[{"name":"wp","href":"https:\/\/api.w.org\/{rel}","templated":true}]}}