{"id":7002,"date":"2020-07-03T11:29:57","date_gmt":"2020-07-03T11:29:57","guid":{"rendered":"https:\/\/blogsaverroes.juntadeandalucia.es\/ieselalmijar\/?p=7002"},"modified":"2020-07-03T11:38:13","modified_gmt":"2020-07-03T11:38:13","slug":"recogida-cheque-libros","status":"publish","type":"post","link":"https:\/\/blogsaverroes.juntadeandalucia.es\/ieselalmijar\/2020\/07\/03\/recogida-cheque-libros\/","title":{"rendered":"RECOGIDA CHEQUE LIBROS"},"content":{"rendered":"<p>Estimados padres\/madres<\/p>\n<div>&nbsp;<\/div>\n<div>Aquellos\/as alumnos\/as matriculados de forma definitiva (QUE PASAN A 1\u00ba Y 3\u00ba DE LA ESO SIN DEPENDER DE LOS EX\u00c1MENES DE SEPTIEMBRE)<\/div>\n<div>PASAR\u00c1N A RETIRAR EL CHEQUE LIBRO EN EL CENTRO EN HORARIO DE 10 A 12 HORAS, DESDE EL D\u00cdA 15 DE JULIO<\/div>\n<div>&nbsp;<\/div>\n<div>&nbsp;Dicho Cheque libro lo podr\u00e1n entregar en cualquier establecimiento comercial de su elecci\u00f3n, y una vez empecemos en SEPTIEMBRE, tienen que estar&nbsp;<\/div>\n<div>forrados para su mejor conservaci\u00f3n ya que es un pr\u00e9stamo del Centro y deben durar 4 a\u00f1os.&nbsp;<\/div>\n<div>Tambi\u00e9n les facilitaremos cuando comience el curso, las pegatinas para que le pongan su nombre y apellidos.<\/div>\n<div>&nbsp;<\/div>\n<div>Para cualquier duda, contacten con el Centro<\/div>\n<div>&nbsp;<\/div>\n<div>Saludos<a href=\"https:\/\/blogsaverroes.juntadeandalucia.es\/ieselalmijar\/files\/2016\/07\/ico_libros.gif\"><img loading=\"lazy\" decoding=\"async\" class=\"aligncenter size-full wp-image-2906\" src=\"https:\/\/blogsaverroes.juntadeandalucia.es\/ieselalmijar\/files\/2016\/07\/ico_libros.gif\" alt=\"\" width=\"190\" height=\"190\"><\/a><\/div>\n","protected":false},"excerpt":{"rendered":"<p>Estimados padres\/madres &nbsp; Aquellos\/as alumnos\/as matriculados de forma definitiva (QUE PASAN A 1\u00ba Y 3\u00ba DE LA ESO SIN DEPENDER DE LOS EX\u00c1MENES DE SEPTIEMBRE) PASAR\u00c1N A RETIRAR EL CHEQUE LIBRO EN EL CENTRO&#46;&#46;&#46;<\/p>\n","protected":false},"author":2392,"featured_media":6685,"comment_status":"open","ping_status":"open","sticky":true,"template":"","format":"standard","meta":{"ngg_post_thumbnail":0,"footnotes":""},"categories":[526],"tags":[],"aioseo_notices":[],"_links":{"self":[{"href":"https:\/\/blogsaverroes.juntadeandalucia.es\/ieselalmijar\/wp-json\/wp\/v2\/posts\/7002"}],"collection":[{"href":"https:\/\/blogsaverroes.juntadeandalucia.es\/ieselalmijar\/wp-json\/wp\/v2\/posts"}],"about":[{"href":"https:\/\/blogsaverroes.juntadeandalucia.es\/ieselalmijar\/wp-json\/wp\/v2\/types\/post"}],"author":[{"embeddable":true,"href":"https:\/\/blogsaverroes.juntadeandalucia.es\/ieselalmijar\/wp-json\/wp\/v2\/users\/2392"}],"replies":[{"embeddable":true,"href":"https:\/\/blogsaverroes.juntadeandalucia.es\/ieselalmijar\/wp-json\/wp\/v2\/comments?post=7002"}],"version-history":[{"count":2,"href":"https:\/\/blogsaverroes.juntadeandalucia.es\/ieselalmijar\/wp-json\/wp\/v2\/posts\/7002\/revisions"}],"predecessor-version":[{"id":7004,"href":"https:\/\/blogsaverroes.juntadeandalucia.es\/ieselalmijar\/wp-json\/wp\/v2\/posts\/7002\/revisions\/7004"}],"wp:featuredmedia":[{"embeddable":true,"href":"https:\/\/blogsaverroes.juntadeandalucia.es\/ieselalmijar\/wp-json\/wp\/v2\/media\/6685"}],"wp:attachment":[{"href":"https:\/\/blogsaverroes.juntadeandalucia.es\/ieselalmijar\/wp-json\/wp\/v2\/media?parent=7002"}],"wp:term":[{"taxonomy":"category","embeddable":true,"href":"https:\/\/blogsaverroes.juntadeandalucia.es\/ieselalmijar\/wp-json\/wp\/v2\/categories?post=7002"},{"taxonomy":"post_tag","embeddable":true,"href":"https:\/\/blogsaverroes.juntadeandalucia.es\/ieselalmijar\/wp-json\/wp\/v2\/tags?post=7002"}],"curies":[{"name":"wp","href":"https:\/\/api.w.org\/{rel}","templated":true}]}}