{"id":7882,"date":"2021-07-16T08:19:26","date_gmt":"2021-07-16T08:19:26","guid":{"rendered":"https:\/\/blogsaverroes.juntadeandalucia.es\/ieselalmijar\/?p=7882"},"modified":"2021-07-16T08:20:27","modified_gmt":"2021-07-16T08:20:27","slug":"cheque-libros-2o-y-4o-eso","status":"publish","type":"post","link":"https:\/\/blogsaverroes.juntadeandalucia.es\/ieselalmijar\/2021\/07\/16\/cheque-libros-2o-y-4o-eso\/","title":{"rendered":"CHEQUE LIBROS 2\u00ba Y 4\u00ba ESO"},"content":{"rendered":"<p><a href=\"https:\/\/blogsaverroes.juntadeandalucia.es\/ieselalmijar\/files\/2021\/07\/214697457_2975052282762819_7869173206586323313_n.jpg\">AQUELLOS ALUMNOS QUE SE QUEDAN ALG\u00daN LIBRO PARA EXAMINARSE EN SEPTIEMBRE, MIENTRAS HAYAN DEVUELTO EL RESTO DE LIBROS, TAMBI\u00c9N PODR\u00c1N RETIRAR EL CHEQUE LIBRO CON EL COMPROMISO DE SUS TUTORES DE DEVOLUCI\u00d3N.<img loading=\"lazy\" decoding=\"async\" class=\"alignleft size-thumbnail wp-image-7884\" src=\"https:\/\/blogsaverroes.juntadeandalucia.es\/ieselalmijar\/files\/2021\/07\/214697457_2975052282762819_7869173206586323313_n-150x150.jpg\" alt=\"\" width=\"150\" height=\"150\" srcset=\"https:\/\/blogsaverroes.juntadeandalucia.es\/ieselalmijar\/files\/2021\/07\/214697457_2975052282762819_7869173206586323313_n-150x150.jpg 150w, https:\/\/blogsaverroes.juntadeandalucia.es\/ieselalmijar\/files\/2021\/07\/214697457_2975052282762819_7869173206586323313_n-50x50.jpg 50w\" sizes=\"(max-width: 150px) 100vw, 150px\" \/><\/a><\/p>\n","protected":false},"excerpt":{"rendered":"<p>AQUELLOS ALUMNOS QUE SE QUEDAN ALG\u00daN LIBRO PARA EXAMINARSE EN SEPTIEMBRE, MIENTRAS HAYAN DEVUELTO EL RESTO DE LIBROS, TAMBI\u00c9N PODR\u00c1N RETIRAR EL CHEQUE LIBRO CON EL COMPROMISO DE SUS TUTORES DE DEVOLUCI\u00d3N.<\/p>\n","protected":false},"author":2392,"featured_media":7884,"comment_status":"open","ping_status":"open","sticky":true,"template":"","format":"standard","meta":{"ngg_post_thumbnail":0,"footnotes":""},"categories":[526],"tags":[],"aioseo_notices":[],"_links":{"self":[{"href":"https:\/\/blogsaverroes.juntadeandalucia.es\/ieselalmijar\/wp-json\/wp\/v2\/posts\/7882"}],"collection":[{"href":"https:\/\/blogsaverroes.juntadeandalucia.es\/ieselalmijar\/wp-json\/wp\/v2\/posts"}],"about":[{"href":"https:\/\/blogsaverroes.juntadeandalucia.es\/ieselalmijar\/wp-json\/wp\/v2\/types\/post"}],"author":[{"embeddable":true,"href":"https:\/\/blogsaverroes.juntadeandalucia.es\/ieselalmijar\/wp-json\/wp\/v2\/users\/2392"}],"replies":[{"embeddable":true,"href":"https:\/\/blogsaverroes.juntadeandalucia.es\/ieselalmijar\/wp-json\/wp\/v2\/comments?post=7882"}],"version-history":[{"count":2,"href":"https:\/\/blogsaverroes.juntadeandalucia.es\/ieselalmijar\/wp-json\/wp\/v2\/posts\/7882\/revisions"}],"predecessor-version":[{"id":7886,"href":"https:\/\/blogsaverroes.juntadeandalucia.es\/ieselalmijar\/wp-json\/wp\/v2\/posts\/7882\/revisions\/7886"}],"wp:featuredmedia":[{"embeddable":true,"href":"https:\/\/blogsaverroes.juntadeandalucia.es\/ieselalmijar\/wp-json\/wp\/v2\/media\/7884"}],"wp:attachment":[{"href":"https:\/\/blogsaverroes.juntadeandalucia.es\/ieselalmijar\/wp-json\/wp\/v2\/media?parent=7882"}],"wp:term":[{"taxonomy":"category","embeddable":true,"href":"https:\/\/blogsaverroes.juntadeandalucia.es\/ieselalmijar\/wp-json\/wp\/v2\/categories?post=7882"},{"taxonomy":"post_tag","embeddable":true,"href":"https:\/\/blogsaverroes.juntadeandalucia.es\/ieselalmijar\/wp-json\/wp\/v2\/tags?post=7882"}],"curies":[{"name":"wp","href":"https:\/\/api.w.org\/{rel}","templated":true}]}}