{"id":9221,"date":"2023-01-16T11:48:42","date_gmt":"2023-01-16T11:48:42","guid":{"rendered":"https:\/\/blogsaverroes.juntadeandalucia.es\/ieselalmijar\/?p=9221"},"modified":"2023-01-16T11:48:42","modified_gmt":"2023-01-16T11:48:42","slug":"9221","status":"publish","type":"post","link":"https:\/\/blogsaverroes.juntadeandalucia.es\/ieselalmijar\/2023\/01\/16\/9221\/","title":{"rendered":""},"content":{"rendered":"<div class=\"x11i5rnm xat24cr x1mh8g0r x1vvkbs xdj266r x126k92a\">\n<div dir=\"auto\">CARRERA SOLIDARIA D\u00cdA DE LA PAZ<\/div>\n<\/div>\n<div class=\"x11i5rnm xat24cr x1mh8g0r x1vvkbs xtlvy1s x126k92a\">\n<div dir=\"auto\">El pr\u00f3ximo LUNES 30 de enero, el CEIP C\u00e1ndido Lara junto al Instituto El Almijar, celebraremos nuestra Carrera Solidaria por la Paz con el fin de recaudar fondos para un proyecto justo y deseable, as\u00ed como sensibilizar a la sociedad en su conjunto sobre el valor de identificarse con los m\u00e1s d\u00e9biles y actuar positivamente en la medida de nuestras posibilidades, para construir un mundo mejor. Por ello, nuestras ni\u00f1as y ni\u00f1os, correr\u00e1n para hacer frente a toda adversidad, sabiendo que juntos somos m\u00e1s fuertes y mejores en nuestra Humanidad.<\/div>\n<div dir=\"auto\">Las asociaciones a las que ir\u00e1n dirigidas todas las donaciones son: \u201cFunDAME\u201d y \u201cChavorrillos &#8211; taller Keli Majari\u201d. MAS INFORMACI\u00d3N EN LOS CARTELES<a href=\"https:\/\/blogsaverroes.juntadeandalucia.es\/ieselalmijar\/files\/2023\/01\/carrera-por-la-paz.jpg\"><img loading=\"lazy\" decoding=\"async\" class=\"alignleft size-thumbnail wp-image-9222\" src=\"https:\/\/blogsaverroes.juntadeandalucia.es\/ieselalmijar\/files\/2023\/01\/carrera-por-la-paz-150x150.jpg\" alt=\"\" width=\"150\" height=\"150\" srcset=\"https:\/\/blogsaverroes.juntadeandalucia.es\/ieselalmijar\/files\/2023\/01\/carrera-por-la-paz-150x150.jpg 150w, https:\/\/blogsaverroes.juntadeandalucia.es\/ieselalmijar\/files\/2023\/01\/carrera-por-la-paz-80x80.jpg 80w, https:\/\/blogsaverroes.juntadeandalucia.es\/ieselalmijar\/files\/2023\/01\/carrera-por-la-paz-320x320.jpg 320w\" sizes=\"(max-width: 150px) 100vw, 150px\" \/><\/a> <a href=\"https:\/\/blogsaverroes.juntadeandalucia.es\/ieselalmijar\/files\/2023\/01\/Estimadas-familias_page-0001.jpg\"><img loading=\"lazy\" decoding=\"async\" class=\"alignleft size-thumbnail wp-image-9223\" src=\"https:\/\/blogsaverroes.juntadeandalucia.es\/ieselalmijar\/files\/2023\/01\/Estimadas-familias_page-0001-150x150.jpg\" alt=\"\" width=\"150\" height=\"150\" srcset=\"https:\/\/blogsaverroes.juntadeandalucia.es\/ieselalmijar\/files\/2023\/01\/Estimadas-familias_page-0001-150x150.jpg 150w, https:\/\/blogsaverroes.juntadeandalucia.es\/ieselalmijar\/files\/2023\/01\/Estimadas-familias_page-0001-80x80.jpg 80w, https:\/\/blogsaverroes.juntadeandalucia.es\/ieselalmijar\/files\/2023\/01\/Estimadas-familias_page-0001-320x320.jpg 320w\" sizes=\"(max-width: 150px) 100vw, 150px\" \/><\/a><\/div>\n<\/div>\n","protected":false},"excerpt":{"rendered":"<p>CARRERA SOLIDARIA D\u00cdA DE LA PAZ El pr\u00f3ximo LUNES 30 de enero, el CEIP C\u00e1ndido Lara junto al Instituto El Almijar, celebraremos nuestra Carrera Solidaria por la Paz con el fin de recaudar fondos&#46;&#46;&#46;<\/p>\n","protected":false},"author":2392,"featured_media":9222,"comment_status":"open","ping_status":"open","sticky":true,"template":"","format":"standard","meta":{"ngg_post_thumbnail":0,"footnotes":""},"categories":[5991,363587,307390,526],"tags":[],"aioseo_notices":[],"_links":{"self":[{"href":"https:\/\/blogsaverroes.juntadeandalucia.es\/ieselalmijar\/wp-json\/wp\/v2\/posts\/9221"}],"collection":[{"href":"https:\/\/blogsaverroes.juntadeandalucia.es\/ieselalmijar\/wp-json\/wp\/v2\/posts"}],"about":[{"href":"https:\/\/blogsaverroes.juntadeandalucia.es\/ieselalmijar\/wp-json\/wp\/v2\/types\/post"}],"author":[{"embeddable":true,"href":"https:\/\/blogsaverroes.juntadeandalucia.es\/ieselalmijar\/wp-json\/wp\/v2\/users\/2392"}],"replies":[{"embeddable":true,"href":"https:\/\/blogsaverroes.juntadeandalucia.es\/ieselalmijar\/wp-json\/wp\/v2\/comments?post=9221"}],"version-history":[{"count":1,"href":"https:\/\/blogsaverroes.juntadeandalucia.es\/ieselalmijar\/wp-json\/wp\/v2\/posts\/9221\/revisions"}],"predecessor-version":[{"id":9224,"href":"https:\/\/blogsaverroes.juntadeandalucia.es\/ieselalmijar\/wp-json\/wp\/v2\/posts\/9221\/revisions\/9224"}],"wp:featuredmedia":[{"embeddable":true,"href":"https:\/\/blogsaverroes.juntadeandalucia.es\/ieselalmijar\/wp-json\/wp\/v2\/media\/9222"}],"wp:attachment":[{"href":"https:\/\/blogsaverroes.juntadeandalucia.es\/ieselalmijar\/wp-json\/wp\/v2\/media?parent=9221"}],"wp:term":[{"taxonomy":"category","embeddable":true,"href":"https:\/\/blogsaverroes.juntadeandalucia.es\/ieselalmijar\/wp-json\/wp\/v2\/categories?post=9221"},{"taxonomy":"post_tag","embeddable":true,"href":"https:\/\/blogsaverroes.juntadeandalucia.es\/ieselalmijar\/wp-json\/wp\/v2\/tags?post=9221"}],"curies":[{"name":"wp","href":"https:\/\/api.w.org\/{rel}","templated":true}]}}