{"id":1174,"date":"2025-11-26T20:58:05","date_gmt":"2025-11-26T19:58:05","guid":{"rendered":"https:\/\/blogsaverroes.juntadeandalucia.es\/ieselalquian\/?p=1174"},"modified":"2025-11-26T22:27:38","modified_gmt":"2025-11-26T21:27:38","slug":"charlas-sobre-la-constitucion","status":"publish","type":"post","link":"https:\/\/blogsaverroes.juntadeandalucia.es\/ieselalquian\/charlas-sobre-la-constitucion\/","title":{"rendered":"Charlas sobre la Constituci\u00f3n"},"content":{"rendered":"<p>[et_pb_section admin_label=&#8221;section&#8221;]<br \/>\n\t\t\t[et_pb_row admin_label=&#8221;row&#8221;]<br \/>\n\t\t\t\t[et_pb_column type=&#8221;4_4&#8243;][et_pb_text admin_label=&#8221;Text&#8221;]Hoy nos ha visitado Juan Luis Vera Belmonte, abogado y profesor de derecho de la Universidad de Almer\u00eda y ha hablado a nuestro alumnado de 4\u00ba de ESO sobre la Constituci\u00f3n Espa\u00f1ola de 1978 con motivo de la celebraci\u00f3n del D\u00eda de la Constituci\u00f3n el pr\u00f3ximo 6 de diciembre. Ha analizado las diferentes partes de nuestra carta magna, adem\u00e1s de interactuar con los alumnos sobre contenidos de actualidad referentes a la justicia y el panorama pol\u00edtico espa\u00f1ol.<\/p>\n<p>Es el segundo a\u00f1o que hemos disfrutado de estas charlas ofrecidas por profesionales de la Administraci\u00f3n de Justicia de Almer\u00eda en colaboraci\u00f3n con la Consejer\u00eda de Desarrollo Educativo y Formaci\u00f3n Profesional. Agradecemos desde aqu\u00ed el esfuerzo hecho para acercar al alumnado de nuestra provincia algo tan importante como la Constituci\u00f3n.<\/p>\n<p><img loading=\"lazy\" decoding=\"async\" class=\"alignnone size-large wp-image-1175\" src=\"https:\/\/blogsaverroes.juntadeandalucia.es\/ieselalquian\/files\/2025\/11\/IMG20251126103527-1024x461.jpg\" alt=\"\" width=\"1024\" height=\"461\" srcset=\"https:\/\/blogsaverroes.juntadeandalucia.es\/ieselalquian\/files\/2025\/11\/IMG20251126103527-980x441.jpg 980w, https:\/\/blogsaverroes.juntadeandalucia.es\/ieselalquian\/files\/2025\/11\/IMG20251126103527-480x216.jpg 480w\" sizes=\"(min-width: 0px) and (max-width: 480px) 480px, (min-width: 481px) and (max-width: 980px) 980px, (min-width: 981px) 1024px, 100vw\" \/>[\/et_pb_text][\/et_pb_column]<br \/>\n\t\t\t[\/et_pb_row]<br \/>\n\t\t[\/et_pb_section]<\/p>\n","protected":false},"excerpt":{"rendered":"<p>Hoy nos ha visitado Juan Luis Vera Belmonte, abogado y profesor de derecho de la Universidad de Almer\u00eda y ha hablado a nuestro alumnado de 4\u00ba de ESO sobre la Constituci\u00f3n Espa\u00f1ola de 1978 con motivo de la celebraci\u00f3n del D\u00eda de la Constituci\u00f3n el pr\u00f3ximo 6 de diciembre. Ha analizado las diferentes partes de [&hellip;]<\/p>\n","protected":false},"author":21085,"featured_media":1175,"comment_status":"closed","ping_status":"open","sticky":false,"template":"","format":"standard","meta":{"_et_pb_use_builder":"on","_et_pb_old_content":"Hoy nos ha visitado Juan Luis Vera Belmonte, abogado y profesor de derecho de la Universidad de Almer\u00eda y ha hablado a nuestro alumnado de 4\u00ba de ESO sobre la Constituci\u00f3n Espa\u00f1ola de 1978 con motivo de la celebraci\u00f3n del D\u00eda de la Constituci\u00f3n el pr\u00f3ximo 6 de diciembre. Ha analizado las diferentes partes de nuestra carta magna, adem\u00e1s de interactuar con los alumnos sobre contenidos de actualidad referentes a la justicia y el panorama pol\u00edtico espa\u00f1ol.\r\n\r\nEs el segundo a\u00f1o que hemos disfrutado de estas charlas ofrecidas por profesionales de la Administraci\u00f3n de Justicia de Almer\u00eda en colaboraci\u00f3n con la Consejer\u00eda de Desarrollo Educativo y Formaci\u00f3n Profesional. Agradecemos desde aqu\u00ed el esfuerzo hecho para acercar al alumnado de nuestra provincia algo tan importante como la Constituci\u00f3n.\r\n\r\n<img class=\"alignnone size-large wp-image-1175\" src=\"https:\/\/blogsaverroes.juntadeandalucia.es\/ieselalquian\/files\/2025\/11\/IMG20251126103527-1024x461.jpg\" alt=\"\" width=\"1024\" height=\"461\">","_et_gb_content_width":"","ngg_post_thumbnail":0,"footnotes":""},"categories":[4,5],"tags":[],"aioseo_notices":[],"_links":{"self":[{"href":"https:\/\/blogsaverroes.juntadeandalucia.es\/ieselalquian\/wp-json\/wp\/v2\/posts\/1174"}],"collection":[{"href":"https:\/\/blogsaverroes.juntadeandalucia.es\/ieselalquian\/wp-json\/wp\/v2\/posts"}],"about":[{"href":"https:\/\/blogsaverroes.juntadeandalucia.es\/ieselalquian\/wp-json\/wp\/v2\/types\/post"}],"author":[{"embeddable":true,"href":"https:\/\/blogsaverroes.juntadeandalucia.es\/ieselalquian\/wp-json\/wp\/v2\/users\/21085"}],"replies":[{"embeddable":true,"href":"https:\/\/blogsaverroes.juntadeandalucia.es\/ieselalquian\/wp-json\/wp\/v2\/comments?post=1174"}],"version-history":[{"count":2,"href":"https:\/\/blogsaverroes.juntadeandalucia.es\/ieselalquian\/wp-json\/wp\/v2\/posts\/1174\/revisions"}],"predecessor-version":[{"id":1177,"href":"https:\/\/blogsaverroes.juntadeandalucia.es\/ieselalquian\/wp-json\/wp\/v2\/posts\/1174\/revisions\/1177"}],"wp:featuredmedia":[{"embeddable":true,"href":"https:\/\/blogsaverroes.juntadeandalucia.es\/ieselalquian\/wp-json\/wp\/v2\/media\/1175"}],"wp:attachment":[{"href":"https:\/\/blogsaverroes.juntadeandalucia.es\/ieselalquian\/wp-json\/wp\/v2\/media?parent=1174"}],"wp:term":[{"taxonomy":"category","embeddable":true,"href":"https:\/\/blogsaverroes.juntadeandalucia.es\/ieselalquian\/wp-json\/wp\/v2\/categories?post=1174"},{"taxonomy":"post_tag","embeddable":true,"href":"https:\/\/blogsaverroes.juntadeandalucia.es\/ieselalquian\/wp-json\/wp\/v2\/tags?post=1174"}],"curies":[{"name":"wp","href":"https:\/\/api.w.org\/{rel}","templated":true}]}}