{"id":2685,"date":"2018-06-08T09:57:04","date_gmt":"2018-06-08T09:57:04","guid":{"rendered":"https:\/\/blogsaverroes.juntadeandalucia.es\/ieselcano\/?p=2685"},"modified":"2018-07-10T10:04:43","modified_gmt":"2018-07-10T10:04:43","slug":"16e-journee-gastronomique","status":"publish","type":"post","link":"https:\/\/blogsaverroes.juntadeandalucia.es\/ieselcano\/2018\/06\/08\/16e-journee-gastronomique\/","title":{"rendered":"16e Journ\u00e9e Gastronomique"},"content":{"rendered":"<p>Salut \u00e0 toutes et \u00e0 tous!!!<\/p>\n<p>Je me pr\u00e9sente. Je m\u00b4appelle M\u00aa Inmaculada MORATO GONZ\u00c1LEZ et je suis prof de fran\u00e7ais de ce lyc\u00e9e, le meilleur de toute la ville de Sanl\u00facar.<\/p>\n<p>Comme tous les ans depuis 2002, nous venons de f\u00eater la 16e Journ\u00e9e gastronomique francophone, consistant \u00e0 cuisiner des plats (\u00e9l\u00e8ves et professeure) et les d\u00e9guster, ensemble, avec le reste des professeurs qui volontairement on voulu venir.<\/p>\n<p>Le r\u00e9sum\u00e9 est clair: 170 \u00e9l\u00e8ves plus la prof; quelques 75 plats entre sal\u00e9s et sucr\u00e9s, de presque toute la carta francophone mondiale. Presque!!!<\/p>\n<p>Fi\u00e8re de mes \u00e9l\u00e8ves, du temps d\u00e9di\u00e9, de l \u00b4effort, de l\u00b4envie de bien faire\/ bien d\u00e9corer\/ bien pr\u00e9senter le nom des plats, etc; de faire l\u00b4activit\u00e9 malgr\u00e9 le temps, les contraintes, les horaires et le moment de l\u00b4ann\u00e9e scolaire o\u00f9 nous avons d\u00fb placer la journ\u00e9e: le 24 mai, plus tard que jamais auparavant. Fi\u00e8re et contente de ce qu\u00b4ils ont bien voulu en devenir les protagonistes de cette activit\u00e9 star du d\u00e9partement.<\/p>\nngg_shortcode_0_placeholder\n","protected":false},"excerpt":{"rendered":"<p>Salut \u00e0 toutes et \u00e0 tous!!! Je me pr\u00e9sente. Je m\u00b4appelle M\u00aa Inmaculada MORATO GONZ\u00c1LEZ et je suis prof de fran\u00e7ais de ce lyc\u00e9e, le meilleur de toute la ville de Sanl\u00facar. Comme tous&#46;&#46;&#46;<\/p>\n","protected":false},"author":6267,"featured_media":2708,"comment_status":"open","ping_status":"open","sticky":false,"template":"","format":"standard","meta":{"ngg_post_thumbnail":0,"footnotes":""},"categories":[25502],"tags":[],"aioseo_notices":[],"_links":{"self":[{"href":"https:\/\/blogsaverroes.juntadeandalucia.es\/ieselcano\/wp-json\/wp\/v2\/posts\/2685"}],"collection":[{"href":"https:\/\/blogsaverroes.juntadeandalucia.es\/ieselcano\/wp-json\/wp\/v2\/posts"}],"about":[{"href":"https:\/\/blogsaverroes.juntadeandalucia.es\/ieselcano\/wp-json\/wp\/v2\/types\/post"}],"author":[{"embeddable":true,"href":"https:\/\/blogsaverroes.juntadeandalucia.es\/ieselcano\/wp-json\/wp\/v2\/users\/6267"}],"replies":[{"embeddable":true,"href":"https:\/\/blogsaverroes.juntadeandalucia.es\/ieselcano\/wp-json\/wp\/v2\/comments?post=2685"}],"version-history":[{"count":12,"href":"https:\/\/blogsaverroes.juntadeandalucia.es\/ieselcano\/wp-json\/wp\/v2\/posts\/2685\/revisions"}],"predecessor-version":[{"id":2765,"href":"https:\/\/blogsaverroes.juntadeandalucia.es\/ieselcano\/wp-json\/wp\/v2\/posts\/2685\/revisions\/2765"}],"wp:featuredmedia":[{"embeddable":true,"href":"https:\/\/blogsaverroes.juntadeandalucia.es\/ieselcano\/wp-json\/wp\/v2\/media\/2708"}],"wp:attachment":[{"href":"https:\/\/blogsaverroes.juntadeandalucia.es\/ieselcano\/wp-json\/wp\/v2\/media?parent=2685"}],"wp:term":[{"taxonomy":"category","embeddable":true,"href":"https:\/\/blogsaverroes.juntadeandalucia.es\/ieselcano\/wp-json\/wp\/v2\/categories?post=2685"},{"taxonomy":"post_tag","embeddable":true,"href":"https:\/\/blogsaverroes.juntadeandalucia.es\/ieselcano\/wp-json\/wp\/v2\/tags?post=2685"}],"curies":[{"name":"wp","href":"https:\/\/api.w.org\/{rel}","templated":true}]}}