{"id":3107,"date":"2019-01-23T12:22:44","date_gmt":"2019-01-23T12:22:44","guid":{"rendered":"https:\/\/blogsaverroes.juntadeandalucia.es\/ieselcano\/?p=3107"},"modified":"2019-01-23T12:22:44","modified_gmt":"2019-01-23T12:22:44","slug":"excursion-a-granada-y-sierra-nevada","status":"publish","type":"post","link":"https:\/\/blogsaverroes.juntadeandalucia.es\/ieselcano\/2019\/01\/23\/excursion-a-granada-y-sierra-nevada\/","title":{"rendered":"Excursi\u00f3n a Granada y Sierra Nevada"},"content":{"rendered":"<p>La excursi\u00f3n se realiz\u00f3 el pasado 15 de Enero con alumnado de 1\u00ba de Bachillerato y fueorganizada por el Departamento de Educaci\u00f3n F\u00edsica.\u00a0<a href=\"https:\/\/blogsaverroes.juntadeandalucia.es\/ieselcano\/files\/2019\/01\/IMG_20190117_160129233_HDR.jpg\"><img loading=\"lazy\" decoding=\"async\" class=\"alignnone size-medium wp-image-3114\" src=\"https:\/\/blogsaverroes.juntadeandalucia.es\/ieselcano\/files\/2019\/01\/IMG_20190117_160129233_HDR-225x300.jpg\" alt=\"\" width=\"225\" height=\"300\" srcset=\"https:\/\/blogsaverroes.juntadeandalucia.es\/ieselcano\/files\/2019\/01\/IMG_20190117_160129233_HDR-225x300.jpg 225w, https:\/\/blogsaverroes.juntadeandalucia.es\/ieselcano\/files\/2019\/01\/IMG_20190117_160129233_HDR-768x1024.jpg 768w, https:\/\/blogsaverroes.juntadeandalucia.es\/ieselcano\/files\/2019\/01\/IMG_20190117_160129233_HDR-18x24.jpg 18w, https:\/\/blogsaverroes.juntadeandalucia.es\/ieselcano\/files\/2019\/01\/IMG_20190117_160129233_HDR-27x36.jpg 27w, https:\/\/blogsaverroes.juntadeandalucia.es\/ieselcano\/files\/2019\/01\/IMG_20190117_160129233_HDR-36x48.jpg 36w, https:\/\/blogsaverroes.juntadeandalucia.es\/ieselcano\/files\/2019\/01\/IMG_20190117_160129233_HDR.jpg 1200w\" sizes=\"(max-width: 225px) 100vw, 225px\" \/><\/a> <a href=\"https:\/\/blogsaverroes.juntadeandalucia.es\/ieselcano\/files\/2019\/01\/IMG_20190117_194413679.jpg\"><img loading=\"lazy\" decoding=\"async\" class=\"alignnone size-medium wp-image-3115\" src=\"https:\/\/blogsaverroes.juntadeandalucia.es\/ieselcano\/files\/2019\/01\/IMG_20190117_194413679-225x300.jpg\" alt=\"\" width=\"225\" height=\"300\" srcset=\"https:\/\/blogsaverroes.juntadeandalucia.es\/ieselcano\/files\/2019\/01\/IMG_20190117_194413679-225x300.jpg 225w, https:\/\/blogsaverroes.juntadeandalucia.es\/ieselcano\/files\/2019\/01\/IMG_20190117_194413679-768x1024.jpg 768w, https:\/\/blogsaverroes.juntadeandalucia.es\/ieselcano\/files\/2019\/01\/IMG_20190117_194413679-18x24.jpg 18w, https:\/\/blogsaverroes.juntadeandalucia.es\/ieselcano\/files\/2019\/01\/IMG_20190117_194413679-27x36.jpg 27w, https:\/\/blogsaverroes.juntadeandalucia.es\/ieselcano\/files\/2019\/01\/IMG_20190117_194413679-36x48.jpg 36w, https:\/\/blogsaverroes.juntadeandalucia.es\/ieselcano\/files\/2019\/01\/IMG_20190117_194413679.jpg 1200w\" sizes=\"(max-width: 225px) 100vw, 225px\" \/><\/a><\/p>\n","protected":false},"excerpt":{"rendered":"<p>La excursi\u00f3n se realiz\u00f3 el pasado 15 de Enero con alumnado de 1\u00ba de Bachillerato y fueorganizada por el Departamento de Educaci\u00f3n F\u00edsica.\u00a0<\/p>\n","protected":false},"author":6403,"featured_media":3111,"comment_status":"open","ping_status":"open","sticky":false,"template":"","format":"standard","meta":{"ngg_post_thumbnail":0,"footnotes":""},"categories":[5991],"tags":[],"aioseo_notices":[],"_links":{"self":[{"href":"https:\/\/blogsaverroes.juntadeandalucia.es\/ieselcano\/wp-json\/wp\/v2\/posts\/3107"}],"collection":[{"href":"https:\/\/blogsaverroes.juntadeandalucia.es\/ieselcano\/wp-json\/wp\/v2\/posts"}],"about":[{"href":"https:\/\/blogsaverroes.juntadeandalucia.es\/ieselcano\/wp-json\/wp\/v2\/types\/post"}],"author":[{"embeddable":true,"href":"https:\/\/blogsaverroes.juntadeandalucia.es\/ieselcano\/wp-json\/wp\/v2\/users\/6403"}],"replies":[{"embeddable":true,"href":"https:\/\/blogsaverroes.juntadeandalucia.es\/ieselcano\/wp-json\/wp\/v2\/comments?post=3107"}],"version-history":[{"count":1,"href":"https:\/\/blogsaverroes.juntadeandalucia.es\/ieselcano\/wp-json\/wp\/v2\/posts\/3107\/revisions"}],"predecessor-version":[{"id":3118,"href":"https:\/\/blogsaverroes.juntadeandalucia.es\/ieselcano\/wp-json\/wp\/v2\/posts\/3107\/revisions\/3118"}],"wp:featuredmedia":[{"embeddable":true,"href":"https:\/\/blogsaverroes.juntadeandalucia.es\/ieselcano\/wp-json\/wp\/v2\/media\/3111"}],"wp:attachment":[{"href":"https:\/\/blogsaverroes.juntadeandalucia.es\/ieselcano\/wp-json\/wp\/v2\/media?parent=3107"}],"wp:term":[{"taxonomy":"category","embeddable":true,"href":"https:\/\/blogsaverroes.juntadeandalucia.es\/ieselcano\/wp-json\/wp\/v2\/categories?post=3107"},{"taxonomy":"post_tag","embeddable":true,"href":"https:\/\/blogsaverroes.juntadeandalucia.es\/ieselcano\/wp-json\/wp\/v2\/tags?post=3107"}],"curies":[{"name":"wp","href":"https:\/\/api.w.org\/{rel}","templated":true}]}}