{"id":3418,"date":"2019-03-28T19:55:19","date_gmt":"2019-03-28T19:55:19","guid":{"rendered":"https:\/\/blogsaverroes.juntadeandalucia.es\/ieselcano\/?p=3418"},"modified":"2019-03-29T18:16:22","modified_gmt":"2019-03-29T18:16:22","slug":"pret-a-porter","status":"publish","type":"post","link":"https:\/\/blogsaverroes.juntadeandalucia.es\/ieselcano\/2019\/03\/28\/pret-a-porter\/","title":{"rendered":"Pr\u00eat-\u00e0-porter"},"content":{"rendered":"<div id=\"m-3718102765523091661\" class=\"mail-message expanded\">\n<div class=\"mail-message-header spacer\">Estimada comunidad:<\/div>\n<div class=\"mail-message-content collapsible zoom-normal mail-show-images \">\n<div class=\"clear\">\n<div dir=\"ltr\">\n<div><\/div>\n<div>Este es el sugerente t\u00edtulo que la compa\u00f1\u00eda de teatro Transeduca propon\u00eda este a\u00f1o para el alumnado. En nuestro caso, asistimos a la representaci\u00f3n el pasado d\u00eda 20 de marzo, con alumnado de 1\u00ba de Bachillerato A, acompa\u00f1ado de su profesora de Franc\u00e9s M\u00aa Inmaculada Morato Gonz\u00e1lez y de Ra\u00fal D\u00edez J\u00e1uregui, profesor de Lengua espa\u00f1ola y literatura del grupo.<\/div>\n<div><a href=\"https:\/\/blogsaverroes.juntadeandalucia.es\/ieselcano\/files\/2019\/03\/2IMG-20190327-WA0008.jpg\"><img loading=\"lazy\" decoding=\"async\" class=\"alignright size-medium wp-image-3435\" src=\"https:\/\/blogsaverroes.juntadeandalucia.es\/ieselcano\/files\/2019\/03\/2IMG-20190327-WA0008-300x225.jpg\" alt=\"\" width=\"300\" height=\"225\" srcset=\"https:\/\/blogsaverroes.juntadeandalucia.es\/ieselcano\/files\/2019\/03\/2IMG-20190327-WA0008-300x225.jpg 300w, https:\/\/blogsaverroes.juntadeandalucia.es\/ieselcano\/files\/2019\/03\/2IMG-20190327-WA0008-768x576.jpg 768w, https:\/\/blogsaverroes.juntadeandalucia.es\/ieselcano\/files\/2019\/03\/2IMG-20190327-WA0008-1024x768.jpg 1024w, https:\/\/blogsaverroes.juntadeandalucia.es\/ieselcano\/files\/2019\/03\/2IMG-20190327-WA0008-24x18.jpg 24w, https:\/\/blogsaverroes.juntadeandalucia.es\/ieselcano\/files\/2019\/03\/2IMG-20190327-WA0008-36x27.jpg 36w, https:\/\/blogsaverroes.juntadeandalucia.es\/ieselcano\/files\/2019\/03\/2IMG-20190327-WA0008-48x36.jpg 48w, https:\/\/blogsaverroes.juntadeandalucia.es\/ieselcano\/files\/2019\/03\/2IMG-20190327-WA0008.jpg 1600w\" sizes=\"(max-width: 300px) 100vw, 300px\" \/><\/a><\/div>\n<div><\/div>\n<div>La obra, que tuvo lugar en C\u00e1diz, nos permiti\u00f3 escuchar la lengua francesa hablada por actores nativos, salir de la rutina de las aulas y recibir el est\u00edmulo de una verdad archisabida: las apariencias no son lo m\u00e1s importante en la vida.<\/div>\n<div>Pasamos un rato agradable, nos divertimos y, adem\u00e1s, volvimos a clase\/casa siendo un poquito m\u00e1s&#8230;.sensibles a lo poco que el exterior importa realmente.<\/div>\n<div>Gracias, al alumnado de 1\u00baA, por haber dicho s\u00ed a esta obra; y a Ra\u00fal, por acompa\u00f1arnos.<\/div>\n<div><\/div>\n<div>M\u00aa Inmaculada Morato Gonz\u00e1lez.<\/div>\n<\/div>\n<\/div>\n<\/div>\n<div class=\"mail-message-footer spacer collapsible\">\u00a0<a href=\"https:\/\/blogsaverroes.juntadeandalucia.es\/ieselcano\/files\/2019\/03\/IMG-20190327-WA0006.jpg\"><img loading=\"lazy\" decoding=\"async\" class=\"alignright size-medium wp-image-3423\" src=\"https:\/\/blogsaverroes.juntadeandalucia.es\/ieselcano\/files\/2019\/03\/IMG-20190327-WA0006-225x300.jpg\" alt=\"\" width=\"225\" height=\"300\" \/><\/a><\/div>\n<\/div>\n<div id=\"conversation-footer\" class=\"spacer\"><\/div>\n","protected":false},"excerpt":{"rendered":"<p>Estimada comunidad: Este es el sugerente t\u00edtulo que la compa\u00f1\u00eda de teatro Transeduca propon\u00eda este a\u00f1o para el alumnado. En nuestro caso, asistimos a la representaci\u00f3n el pasado d\u00eda 20 de marzo, con alumnado&#46;&#46;&#46;<\/p>\n","protected":false},"author":6278,"featured_media":3423,"comment_status":"open","ping_status":"open","sticky":false,"template":"","format":"standard","meta":{"ngg_post_thumbnail":0,"footnotes":""},"categories":[25502,11909],"tags":[],"aioseo_notices":[],"_links":{"self":[{"href":"https:\/\/blogsaverroes.juntadeandalucia.es\/ieselcano\/wp-json\/wp\/v2\/posts\/3418"}],"collection":[{"href":"https:\/\/blogsaverroes.juntadeandalucia.es\/ieselcano\/wp-json\/wp\/v2\/posts"}],"about":[{"href":"https:\/\/blogsaverroes.juntadeandalucia.es\/ieselcano\/wp-json\/wp\/v2\/types\/post"}],"author":[{"embeddable":true,"href":"https:\/\/blogsaverroes.juntadeandalucia.es\/ieselcano\/wp-json\/wp\/v2\/users\/6278"}],"replies":[{"embeddable":true,"href":"https:\/\/blogsaverroes.juntadeandalucia.es\/ieselcano\/wp-json\/wp\/v2\/comments?post=3418"}],"version-history":[{"count":7,"href":"https:\/\/blogsaverroes.juntadeandalucia.es\/ieselcano\/wp-json\/wp\/v2\/posts\/3418\/revisions"}],"predecessor-version":[{"id":3436,"href":"https:\/\/blogsaverroes.juntadeandalucia.es\/ieselcano\/wp-json\/wp\/v2\/posts\/3418\/revisions\/3436"}],"wp:featuredmedia":[{"embeddable":true,"href":"https:\/\/blogsaverroes.juntadeandalucia.es\/ieselcano\/wp-json\/wp\/v2\/media\/3423"}],"wp:attachment":[{"href":"https:\/\/blogsaverroes.juntadeandalucia.es\/ieselcano\/wp-json\/wp\/v2\/media?parent=3418"}],"wp:term":[{"taxonomy":"category","embeddable":true,"href":"https:\/\/blogsaverroes.juntadeandalucia.es\/ieselcano\/wp-json\/wp\/v2\/categories?post=3418"},{"taxonomy":"post_tag","embeddable":true,"href":"https:\/\/blogsaverroes.juntadeandalucia.es\/ieselcano\/wp-json\/wp\/v2\/tags?post=3418"}],"curies":[{"name":"wp","href":"https:\/\/api.w.org\/{rel}","templated":true}]}}