{"id":3611,"date":"2019-06-13T17:49:08","date_gmt":"2019-06-13T17:49:08","guid":{"rendered":"https:\/\/blogsaverroes.juntadeandalucia.es\/ieselcano\/?p=3611"},"modified":"2019-06-13T17:50:55","modified_gmt":"2019-06-13T17:50:55","slug":"concurso-provincial-de-galiadir","status":"publish","type":"post","link":"https:\/\/blogsaverroes.juntadeandalucia.es\/ieselcano\/2019\/06\/13\/concurso-provincial-de-galiadir\/","title":{"rendered":"Concurso provincial de Galiadir"},"content":{"rendered":"<p>La Asociaci\u00f3n del Profesorado de la provincia de C\u00e1diz, Galiadir (que pertenece a la Federaci\u00f3n Andaluza de profesores, Andogalia), entreg\u00f3 ayer los premios al concurso de este a\u00f1o acad\u00e9mico 2019. \u00abTu connais la francophonie\u00bb es el t\u00edtulo del mismo y pretende que el alumnado se acerque a la francofon\u00eda con temas varios y, de paso, dar cuenta de su acercamiento con trabajos de t\u00e9cnicas diferentes.<!--more--><a href=\"https:\/\/blogsaverroes.juntadeandalucia.es\/ieselcano\/files\/2019\/06\/IMG-20190613-WA0010.jpg\"><img loading=\"lazy\" decoding=\"async\" class=\"alignright wp-image-3613\" src=\"https:\/\/blogsaverroes.juntadeandalucia.es\/ieselcano\/files\/2019\/06\/IMG-20190613-WA0010-300x225.jpg\" alt=\"\" width=\"169\" height=\"127\" srcset=\"https:\/\/blogsaverroes.juntadeandalucia.es\/ieselcano\/files\/2019\/06\/IMG-20190613-WA0010-300x225.jpg 300w, https:\/\/blogsaverroes.juntadeandalucia.es\/ieselcano\/files\/2019\/06\/IMG-20190613-WA0010-768x576.jpg 768w, https:\/\/blogsaverroes.juntadeandalucia.es\/ieselcano\/files\/2019\/06\/IMG-20190613-WA0010-1024x768.jpg 1024w, https:\/\/blogsaverroes.juntadeandalucia.es\/ieselcano\/files\/2019\/06\/IMG-20190613-WA0010-24x18.jpg 24w, https:\/\/blogsaverroes.juntadeandalucia.es\/ieselcano\/files\/2019\/06\/IMG-20190613-WA0010-36x27.jpg 36w, https:\/\/blogsaverroes.juntadeandalucia.es\/ieselcano\/files\/2019\/06\/IMG-20190613-WA0010-48x36.jpg 48w, https:\/\/blogsaverroes.juntadeandalucia.es\/ieselcano\/files\/2019\/06\/IMG-20190613-WA0010.jpg 1600w\" sizes=\"(max-width: 169px) 100vw, 169px\" \/><\/a><\/p>\n<div>Como cada a\u00f1o, este a\u00f1o hemos sido agraciados con varios primeros premios y una menci\u00f3n.<\/div>\n<div>Desde la E<a href=\"https:\/\/blogsaverroes.juntadeandalucia.es\/ieselcano\/files\/2019\/06\/IMG-20190612-WA0038.jpg\"><img loading=\"lazy\" decoding=\"async\" class=\" wp-image-3614 alignleft\" src=\"https:\/\/blogsaverroes.juntadeandalucia.es\/ieselcano\/files\/2019\/06\/IMG-20190612-WA0038-300x224.jpg\" alt=\"\" width=\"177\" height=\"132\" srcset=\"https:\/\/blogsaverroes.juntadeandalucia.es\/ieselcano\/files\/2019\/06\/IMG-20190612-WA0038-300x224.jpg 300w, https:\/\/blogsaverroes.juntadeandalucia.es\/ieselcano\/files\/2019\/06\/IMG-20190612-WA0038-768x575.jpg 768w, https:\/\/blogsaverroes.juntadeandalucia.es\/ieselcano\/files\/2019\/06\/IMG-20190612-WA0038-1024x766.jpg 1024w, https:\/\/blogsaverroes.juntadeandalucia.es\/ieselcano\/files\/2019\/06\/IMG-20190612-WA0038-24x18.jpg 24w, https:\/\/blogsaverroes.juntadeandalucia.es\/ieselcano\/files\/2019\/06\/IMG-20190612-WA0038-36x27.jpg 36w, https:\/\/blogsaverroes.juntadeandalucia.es\/ieselcano\/files\/2019\/06\/IMG-20190612-WA0038-48x36.jpg 48w, https:\/\/blogsaverroes.juntadeandalucia.es\/ieselcano\/files\/2019\/06\/IMG-20190612-WA0038.jpg 1600w\" sizes=\"(max-width: 177px) 100vw, 177px\" \/><\/a>SO al Bto., el alumnado de M\u00aa Inmaculada Morato Gonz\u00e1lez y Raquel Romero Manzano trabaj\u00f3 durante un trimestre y el fruto de su buena intenci\u00f3n se ha visto reflejado en muy buenos\u00a0resultados, de los que estos premios son un peque\u00f1o ejemplo, ya que la asociaci\u00f3n intenta premiar a todos los centros participantes. A\u00fan as\u00ed, hemos de se\u00f1alar que \u00abhemos arrasado\u00bb en Bachillerato, ya que nos hemos llevado 4 primeros premios de 7 categor\u00edas y la menci\u00f3n.<\/div>\n<div>Enhorabuena a la gente agraciada. Y, por nuestra parte, gracias a todo el alumnado de M\u00aa Inmaculada Morato Gonz\u00e1lez y de Raquel Romero Manzano por haber demostrado, tambi\u00e9n en esta actividad, inter\u00e9s y curiosidad por \u00absalir de la clase\u00bb.<\/div>\n<div>On vous adore!!!!<a href=\"https:\/\/blogsaverroes.juntadeandalucia.es\/ieselcano\/files\/2019\/06\/20190612_175552.jpg\"><img loading=\"lazy\" decoding=\"async\" class=\"wp-image-3615 aligncenter\" src=\"https:\/\/blogsaverroes.juntadeandalucia.es\/ieselcano\/files\/2019\/06\/20190612_175552-300x225.jpg\" alt=\"\" width=\"167\" height=\"125\" srcset=\"https:\/\/blogsaverroes.juntadeandalucia.es\/ieselcano\/files\/2019\/06\/20190612_175552-300x225.jpg 300w, https:\/\/blogsaverroes.juntadeandalucia.es\/ieselcano\/files\/2019\/06\/20190612_175552-768x576.jpg 768w, https:\/\/blogsaverroes.juntadeandalucia.es\/ieselcano\/files\/2019\/06\/20190612_175552-1024x768.jpg 1024w, https:\/\/blogsaverroes.juntadeandalucia.es\/ieselcano\/files\/2019\/06\/20190612_175552-24x18.jpg 24w, https:\/\/blogsaverroes.juntadeandalucia.es\/ieselcano\/files\/2019\/06\/20190612_175552-36x27.jpg 36w, https:\/\/blogsaverroes.juntadeandalucia.es\/ieselcano\/files\/2019\/06\/20190612_175552-48x36.jpg 48w, https:\/\/blogsaverroes.juntadeandalucia.es\/ieselcano\/files\/2019\/06\/20190612_175552.jpg 1600w\" sizes=\"(max-width: 167px) 100vw, 167px\" \/><\/a><\/div>\n","protected":false},"excerpt":{"rendered":"<p>La Asociaci\u00f3n del Profesorado de la provincia de C\u00e1diz, Galiadir (que pertenece a la Federaci\u00f3n Andaluza de profesores, Andogalia), entreg\u00f3 ayer los premios al concurso de este a\u00f1o acad\u00e9mico 2019. \u00abTu connais la francophonie\u00bb&#46;&#46;&#46;<\/p>\n","protected":false},"author":6278,"featured_media":3612,"comment_status":"open","ping_status":"open","sticky":false,"template":"","format":"standard","meta":{"ngg_post_thumbnail":0,"footnotes":""},"categories":[5991,25502],"tags":[],"aioseo_notices":[],"_links":{"self":[{"href":"https:\/\/blogsaverroes.juntadeandalucia.es\/ieselcano\/wp-json\/wp\/v2\/posts\/3611"}],"collection":[{"href":"https:\/\/blogsaverroes.juntadeandalucia.es\/ieselcano\/wp-json\/wp\/v2\/posts"}],"about":[{"href":"https:\/\/blogsaverroes.juntadeandalucia.es\/ieselcano\/wp-json\/wp\/v2\/types\/post"}],"author":[{"embeddable":true,"href":"https:\/\/blogsaverroes.juntadeandalucia.es\/ieselcano\/wp-json\/wp\/v2\/users\/6278"}],"replies":[{"embeddable":true,"href":"https:\/\/blogsaverroes.juntadeandalucia.es\/ieselcano\/wp-json\/wp\/v2\/comments?post=3611"}],"version-history":[{"count":2,"href":"https:\/\/blogsaverroes.juntadeandalucia.es\/ieselcano\/wp-json\/wp\/v2\/posts\/3611\/revisions"}],"predecessor-version":[{"id":3617,"href":"https:\/\/blogsaverroes.juntadeandalucia.es\/ieselcano\/wp-json\/wp\/v2\/posts\/3611\/revisions\/3617"}],"wp:featuredmedia":[{"embeddable":true,"href":"https:\/\/blogsaverroes.juntadeandalucia.es\/ieselcano\/wp-json\/wp\/v2\/media\/3612"}],"wp:attachment":[{"href":"https:\/\/blogsaverroes.juntadeandalucia.es\/ieselcano\/wp-json\/wp\/v2\/media?parent=3611"}],"wp:term":[{"taxonomy":"category","embeddable":true,"href":"https:\/\/blogsaverroes.juntadeandalucia.es\/ieselcano\/wp-json\/wp\/v2\/categories?post=3611"},{"taxonomy":"post_tag","embeddable":true,"href":"https:\/\/blogsaverroes.juntadeandalucia.es\/ieselcano\/wp-json\/wp\/v2\/tags?post=3611"}],"curies":[{"name":"wp","href":"https:\/\/api.w.org\/{rel}","templated":true}]}}