{"id":3700,"date":"2019-10-06T20:00:54","date_gmt":"2019-10-06T20:00:54","guid":{"rendered":"https:\/\/blogsaverroes.juntadeandalucia.es\/ieselcano\/?p=3700"},"modified":"2019-10-06T20:10:41","modified_gmt":"2019-10-06T20:10:41","slug":"intercambio-con-lycee-chaptal","status":"publish","type":"post","link":"https:\/\/blogsaverroes.juntadeandalucia.es\/ieselcano\/2019\/10\/06\/intercambio-con-lycee-chaptal\/","title":{"rendered":"Intercambio con Lyc\u00e9e Chaptal"},"content":{"rendered":"<div>Chicos, chicas, familias, gente compa\u00f1era:<\/div>\n<div><\/div>\n<div>Aqu\u00ed os dejamos un v\u00eddeo donde podr\u00e9is ver c\u00f3mo es el centro con el que queremos organizar un intercambio para este a\u00f1o. Se llama \u00abLyc\u00e9e Chaptal\u00bb y est\u00e1 en el sur de Francia, en la regi\u00f3n de la <a href=\"https:\/\/youtu.be\/YzUjhCtnlII\"><img loading=\"lazy\" decoding=\"async\" class=\"alignright wp-image-3703\" src=\"https:\/\/blogsaverroes.juntadeandalucia.es\/ieselcano\/files\/2019\/10\/\u00edndice.jpg\" alt=\"\" width=\"174\" height=\"131\" srcset=\"https:\/\/blogsaverroes.juntadeandalucia.es\/ieselcano\/files\/2019\/10\/\u00edndice.jpg 259w, https:\/\/blogsaverroes.juntadeandalucia.es\/ieselcano\/files\/2019\/10\/\u00edndice-24x18.jpg 24w, https:\/\/blogsaverroes.juntadeandalucia.es\/ieselcano\/files\/2019\/10\/\u00edndice-36x27.jpg 36w, https:\/\/blogsaverroes.juntadeandalucia.es\/ieselcano\/files\/2019\/10\/\u00edndice-48x36.jpg 48w\" sizes=\"(max-width: 174px) 100vw, 174px\" \/><\/a>, cerca del Parque Natural de las C\u00e9vennes.<\/div>\n<div><\/div>\n<div>Buen visionado.<\/div>\n[youtube https:\/\/www.youtube.com\/watch?v=YzUjhCtnlII]\n","protected":false},"excerpt":{"rendered":"<p>Chicos, chicas, familias, gente compa\u00f1era: Aqu\u00ed os dejamos un v\u00eddeo donde podr\u00e9is ver c\u00f3mo es el centro con el que queremos organizar un intercambio para este a\u00f1o. Se llama \u00abLyc\u00e9e Chaptal\u00bb y est\u00e1 en&#46;&#46;&#46;<\/p>\n","protected":false},"author":6278,"featured_media":3703,"comment_status":"open","ping_status":"open","sticky":false,"template":"","format":"standard","meta":{"ngg_post_thumbnail":0,"footnotes":""},"categories":[25502],"tags":[],"aioseo_notices":[],"_links":{"self":[{"href":"https:\/\/blogsaverroes.juntadeandalucia.es\/ieselcano\/wp-json\/wp\/v2\/posts\/3700"}],"collection":[{"href":"https:\/\/blogsaverroes.juntadeandalucia.es\/ieselcano\/wp-json\/wp\/v2\/posts"}],"about":[{"href":"https:\/\/blogsaverroes.juntadeandalucia.es\/ieselcano\/wp-json\/wp\/v2\/types\/post"}],"author":[{"embeddable":true,"href":"https:\/\/blogsaverroes.juntadeandalucia.es\/ieselcano\/wp-json\/wp\/v2\/users\/6278"}],"replies":[{"embeddable":true,"href":"https:\/\/blogsaverroes.juntadeandalucia.es\/ieselcano\/wp-json\/wp\/v2\/comments?post=3700"}],"version-history":[{"count":5,"href":"https:\/\/blogsaverroes.juntadeandalucia.es\/ieselcano\/wp-json\/wp\/v2\/posts\/3700\/revisions"}],"predecessor-version":[{"id":3706,"href":"https:\/\/blogsaverroes.juntadeandalucia.es\/ieselcano\/wp-json\/wp\/v2\/posts\/3700\/revisions\/3706"}],"wp:featuredmedia":[{"embeddable":true,"href":"https:\/\/blogsaverroes.juntadeandalucia.es\/ieselcano\/wp-json\/wp\/v2\/media\/3703"}],"wp:attachment":[{"href":"https:\/\/blogsaverroes.juntadeandalucia.es\/ieselcano\/wp-json\/wp\/v2\/media?parent=3700"}],"wp:term":[{"taxonomy":"category","embeddable":true,"href":"https:\/\/blogsaverroes.juntadeandalucia.es\/ieselcano\/wp-json\/wp\/v2\/categories?post=3700"},{"taxonomy":"post_tag","embeddable":true,"href":"https:\/\/blogsaverroes.juntadeandalucia.es\/ieselcano\/wp-json\/wp\/v2\/tags?post=3700"}],"curies":[{"name":"wp","href":"https:\/\/api.w.org\/{rel}","templated":true}]}}