{"id":3936,"date":"2020-03-04T17:19:29","date_gmt":"2020-03-04T17:19:29","guid":{"rendered":"https:\/\/blogsaverroes.juntadeandalucia.es\/ieselcano\/?p=3936"},"modified":"2020-03-04T17:20:56","modified_gmt":"2020-03-04T17:20:56","slug":"a-50-metros","status":"publish","type":"post","link":"https:\/\/blogsaverroes.juntadeandalucia.es\/ieselcano\/2020\/03\/04\/a-50-metros\/","title":{"rendered":"A 50 METROS"},"content":{"rendered":"<p>En la noche respiro el aire marinero y sue\u00f1o con tocar el cielo, pero han pasado siglos y las estrellas siguen escapando al roce de mis ramas. Amanece y Sanl\u00facar se despierta entre magn\u00edficos monumentos que han visto pasar la historia en un suspiro. Son los que me mimaron cuando llegamos de Am\u00e9rica para echar ra\u00edces en esta plaza.<!--more--><\/p>\n<p><a href=\"https:\/\/blogsaverroes.juntadeandalucia.es\/ieselcano\/files\/2020\/03\/Imagen2.png\"><img loading=\"lazy\" decoding=\"async\" class=\"alignright size-medium wp-image-3937\" src=\"https:\/\/blogsaverroes.juntadeandalucia.es\/ieselcano\/files\/2020\/03\/Imagen2-300x225.png\" alt=\"\" width=\"300\" height=\"225\" srcset=\"https:\/\/blogsaverroes.juntadeandalucia.es\/ieselcano\/files\/2020\/03\/Imagen2-300x225.png 300w, https:\/\/blogsaverroes.juntadeandalucia.es\/ieselcano\/files\/2020\/03\/Imagen2.png 400w, https:\/\/blogsaverroes.juntadeandalucia.es\/ieselcano\/files\/2020\/03\/Imagen2-24x18.png 24w, https:\/\/blogsaverroes.juntadeandalucia.es\/ieselcano\/files\/2020\/03\/Imagen2-36x27.png 36w, https:\/\/blogsaverroes.juntadeandalucia.es\/ieselcano\/files\/2020\/03\/Imagen2-48x36.png 48w\" sizes=\"(max-width: 300px) 100vw, 300px\" \/><\/a>Nosotras, araucarias, saludamos al Castillo de Santiago, a las Covachas,\u00a0 Iglesias y Conventos, al Palacio de Orleans y a la Parroquia de la O, que nos recuerda al Castillo de las siete torres que muri\u00f3 bajo la pisada del tiempo.<\/p>\n<p>\u201cAbrid nuestras puertas de par en par a nuestros visitantes\u201d.<\/p>\n<p>Anochece y mis ramas se vuelven hacia la playa porque el murmullo de la brisa del mar me mece al son de los cascos de los caballos corriendo entre el agua y la arena. De la lejan\u00eda llega el eco de Do\u00f1ana con su flora y fauna que bebe del Guadalquivir. Y me voy durmiendo en esta acogedora ciudad.<\/p>\n<p>&nbsp;<\/p>\n<p style=\"text-align: right\"><b>Ana Roc\u00edo Gasc\u00f3n, 1\u00baB.<\/b><\/p>\n<p><em>Este texto forma parte de un ejercicio de clase de lengua y literatura del profesor Dami\u00e1n Moreno en el que se les\u00a0 pidi\u00f3, a semejanza de lo que hac\u00edan los cl\u00e9rigos del M<b>ester de clerec\u00eda<\/b>, que se eligiera un monumento o personaje de Sanl\u00facar para a partir de \u00e9l atraer a los visitantes a nuestra ciudad.<\/em><\/p>\n","protected":false},"excerpt":{"rendered":"<p>En la noche respiro el aire marinero y sue\u00f1o con tocar el cielo, pero han pasado siglos y las estrellas siguen escapando al roce de mis ramas. Amanece y Sanl\u00facar se despierta entre magn\u00edficos&#46;&#46;&#46;<\/p>\n","protected":false},"author":6278,"featured_media":3937,"comment_status":"open","ping_status":"open","sticky":false,"template":"","format":"standard","meta":{"ngg_post_thumbnail":0,"footnotes":""},"categories":[11909],"tags":[],"aioseo_notices":[],"_links":{"self":[{"href":"https:\/\/blogsaverroes.juntadeandalucia.es\/ieselcano\/wp-json\/wp\/v2\/posts\/3936"}],"collection":[{"href":"https:\/\/blogsaverroes.juntadeandalucia.es\/ieselcano\/wp-json\/wp\/v2\/posts"}],"about":[{"href":"https:\/\/blogsaverroes.juntadeandalucia.es\/ieselcano\/wp-json\/wp\/v2\/types\/post"}],"author":[{"embeddable":true,"href":"https:\/\/blogsaverroes.juntadeandalucia.es\/ieselcano\/wp-json\/wp\/v2\/users\/6278"}],"replies":[{"embeddable":true,"href":"https:\/\/blogsaverroes.juntadeandalucia.es\/ieselcano\/wp-json\/wp\/v2\/comments?post=3936"}],"version-history":[{"count":1,"href":"https:\/\/blogsaverroes.juntadeandalucia.es\/ieselcano\/wp-json\/wp\/v2\/posts\/3936\/revisions"}],"predecessor-version":[{"id":3938,"href":"https:\/\/blogsaverroes.juntadeandalucia.es\/ieselcano\/wp-json\/wp\/v2\/posts\/3936\/revisions\/3938"}],"wp:featuredmedia":[{"embeddable":true,"href":"https:\/\/blogsaverroes.juntadeandalucia.es\/ieselcano\/wp-json\/wp\/v2\/media\/3937"}],"wp:attachment":[{"href":"https:\/\/blogsaverroes.juntadeandalucia.es\/ieselcano\/wp-json\/wp\/v2\/media?parent=3936"}],"wp:term":[{"taxonomy":"category","embeddable":true,"href":"https:\/\/blogsaverroes.juntadeandalucia.es\/ieselcano\/wp-json\/wp\/v2\/categories?post=3936"},{"taxonomy":"post_tag","embeddable":true,"href":"https:\/\/blogsaverroes.juntadeandalucia.es\/ieselcano\/wp-json\/wp\/v2\/tags?post=3936"}],"curies":[{"name":"wp","href":"https:\/\/api.w.org\/{rel}","templated":true}]}}