{"id":4061,"date":"2020-04-21T17:32:28","date_gmt":"2020-04-21T17:32:28","guid":{"rendered":"https:\/\/blogsaverroes.juntadeandalucia.es\/ieselcano\/?p=4061"},"modified":"2020-05-01T19:57:41","modified_gmt":"2020-05-01T19:57:41","slug":"taller-educacion-emocional","status":"publish","type":"post","link":"https:\/\/blogsaverroes.juntadeandalucia.es\/ieselcano\/2020\/04\/21\/taller-educacion-emocional\/","title":{"rendered":"TALLER EDUCACI\u00d3N EMOCIONAL"},"content":{"rendered":"<p><a href=\"https:\/\/blogsaverroes.juntadeandalucia.es\/ieselcano\/files\/2020\/02\/Banner-tres-logos2.jpg\"><img loading=\"lazy\" decoding=\"async\" class=\" wp-image-3926 aligncenter\" src=\"https:\/\/blogsaverroes.juntadeandalucia.es\/ieselcano\/files\/2020\/02\/Banner-tres-logos2-300x51.jpg\" alt=\"\" width=\"347\" height=\"59\" srcset=\"https:\/\/blogsaverroes.juntadeandalucia.es\/ieselcano\/files\/2020\/02\/Banner-tres-logos2-300x51.jpg 300w, https:\/\/blogsaverroes.juntadeandalucia.es\/ieselcano\/files\/2020\/02\/Banner-tres-logos2-768x129.jpg 768w, https:\/\/blogsaverroes.juntadeandalucia.es\/ieselcano\/files\/2020\/02\/Banner-tres-logos2-1024x173.jpg 1024w, https:\/\/blogsaverroes.juntadeandalucia.es\/ieselcano\/files\/2020\/02\/Banner-tres-logos2-24x4.jpg 24w, https:\/\/blogsaverroes.juntadeandalucia.es\/ieselcano\/files\/2020\/02\/Banner-tres-logos2-36x6.jpg 36w, https:\/\/blogsaverroes.juntadeandalucia.es\/ieselcano\/files\/2020\/02\/Banner-tres-logos2-48x8.jpg 48w, https:\/\/blogsaverroes.juntadeandalucia.es\/ieselcano\/files\/2020\/02\/Banner-tres-logos2.jpg 1175w\" sizes=\"(max-width: 347px) 100vw, 347px\" \/><\/a><\/p>\n<p>Sandra Lobato G\u00f3mez, de la Asociaci\u00f3n Sembradoras de Salud, fue la ponente encargada de realizar el taller de Educaci\u00f3n emocional.<\/p>\n<p>El alumnado destinatario eran alumnos de todos los cursos de la ESO y la FP b\u00e1sica. Tambi\u00e9n asistieron voluntariamente alumnado de 2\u00ba de Bachillerato.<\/p>\n<p>La primera sesi\u00f3n fue el 3 de Marzo, y este primer taller de dos horas de duraci\u00f3n estuvo destinado a los estereotipos de g\u00e9nero. La satisfacci\u00f3n fue generalizada para ponentes y asistentes. Hicieron una lluvia de ideas sobre qu\u00e9 era ser un ni\u00f1o\/hombre y una ni\u00f1a\/mujer, y la conclusi\u00f3n despu\u00e9s de debatirlo fue que es un sentir con independencia de la genitalidad, y que va m\u00e1s all\u00e1 de los roles de g\u00e9nero asignados por nuestra sociedad, pues para cada rol encontr\u00e1bamos mujeres y hombres que no encajaban y que no por eso, eran m\u00e1s o menos mujeres u hombres.<\/p>\n<p>&nbsp;<\/p>\n<p><a href=\"https:\/\/blogsaverroes.juntadeandalucia.es\/ieselcano\/files\/2020\/04\/IMG_20200303_135027-1.jpg\"><img loading=\"lazy\" decoding=\"async\" class=\" wp-image-4096 aligncenter\" src=\"https:\/\/blogsaverroes.juntadeandalucia.es\/ieselcano\/files\/2020\/04\/IMG_20200303_135027-1-300x225.jpg\" alt=\"\" width=\"401\" height=\"301\" srcset=\"https:\/\/blogsaverroes.juntadeandalucia.es\/ieselcano\/files\/2020\/04\/IMG_20200303_135027-1-300x225.jpg 300w, https:\/\/blogsaverroes.juntadeandalucia.es\/ieselcano\/files\/2020\/04\/IMG_20200303_135027-1-768x576.jpg 768w, https:\/\/blogsaverroes.juntadeandalucia.es\/ieselcano\/files\/2020\/04\/IMG_20200303_135027-1-1024x768.jpg 1024w, https:\/\/blogsaverroes.juntadeandalucia.es\/ieselcano\/files\/2020\/04\/IMG_20200303_135027-1-24x18.jpg 24w, https:\/\/blogsaverroes.juntadeandalucia.es\/ieselcano\/files\/2020\/04\/IMG_20200303_135027-1-36x27.jpg 36w, https:\/\/blogsaverroes.juntadeandalucia.es\/ieselcano\/files\/2020\/04\/IMG_20200303_135027-1-48x36.jpg 48w, https:\/\/blogsaverroes.juntadeandalucia.es\/ieselcano\/files\/2020\/04\/IMG_20200303_135027-1.jpg 1600w\" sizes=\"(max-width: 401px) 100vw, 401px\" \/><\/a><\/p>\n<p>&nbsp;<\/p>\n","protected":false},"excerpt":{"rendered":"<p>Sandra Lobato G\u00f3mez, de la Asociaci\u00f3n Sembradoras de Salud, fue la ponente encargada de realizar el taller de Educaci\u00f3n emocional. El alumnado destinatario eran alumnos de todos los cursos de la ESO y la&#46;&#46;&#46;<\/p>\n","protected":false},"author":6263,"featured_media":0,"comment_status":"open","ping_status":"open","sticky":false,"template":"","format":"standard","meta":{"ngg_post_thumbnail":0,"footnotes":""},"categories":[11909],"tags":[],"aioseo_notices":[],"_links":{"self":[{"href":"https:\/\/blogsaverroes.juntadeandalucia.es\/ieselcano\/wp-json\/wp\/v2\/posts\/4061"}],"collection":[{"href":"https:\/\/blogsaverroes.juntadeandalucia.es\/ieselcano\/wp-json\/wp\/v2\/posts"}],"about":[{"href":"https:\/\/blogsaverroes.juntadeandalucia.es\/ieselcano\/wp-json\/wp\/v2\/types\/post"}],"author":[{"embeddable":true,"href":"https:\/\/blogsaverroes.juntadeandalucia.es\/ieselcano\/wp-json\/wp\/v2\/users\/6263"}],"replies":[{"embeddable":true,"href":"https:\/\/blogsaverroes.juntadeandalucia.es\/ieselcano\/wp-json\/wp\/v2\/comments?post=4061"}],"version-history":[{"count":3,"href":"https:\/\/blogsaverroes.juntadeandalucia.es\/ieselcano\/wp-json\/wp\/v2\/posts\/4061\/revisions"}],"predecessor-version":[{"id":4097,"href":"https:\/\/blogsaverroes.juntadeandalucia.es\/ieselcano\/wp-json\/wp\/v2\/posts\/4061\/revisions\/4097"}],"wp:attachment":[{"href":"https:\/\/blogsaverroes.juntadeandalucia.es\/ieselcano\/wp-json\/wp\/v2\/media?parent=4061"}],"wp:term":[{"taxonomy":"category","embeddable":true,"href":"https:\/\/blogsaverroes.juntadeandalucia.es\/ieselcano\/wp-json\/wp\/v2\/categories?post=4061"},{"taxonomy":"post_tag","embeddable":true,"href":"https:\/\/blogsaverroes.juntadeandalucia.es\/ieselcano\/wp-json\/wp\/v2\/tags?post=4061"}],"curies":[{"name":"wp","href":"https:\/\/api.w.org\/{rel}","templated":true}]}}