{"id":4504,"date":"2021-03-07T12:25:45","date_gmt":"2021-03-07T12:25:45","guid":{"rendered":"https:\/\/blogsaverroes.juntadeandalucia.es\/ieselcano\/?p=4504"},"modified":"2021-03-07T12:25:45","modified_gmt":"2021-03-07T12:25:45","slug":"exposicion-de-trabajos-del-8m","status":"publish","type":"post","link":"https:\/\/blogsaverroes.juntadeandalucia.es\/ieselcano\/2021\/03\/07\/exposicion-de-trabajos-del-8m\/","title":{"rendered":"EXPOSICI\u00d3N DE TRABAJOS DEL 8M"},"content":{"rendered":"<p><strong>EXPOSICI\u00d3N DE TRABAJOS DEL 8M<\/strong><\/p>\n<p>El <b>lunes 8 de Marzo<\/b> para conmemorar el d\u00eda de la Mujer desde la coordinaci\u00f3n de Igualdad, el departamento de orientaci\u00f3n y actividades extraescolares, en colaboraci\u00f3n con el profesorado de las diversas \u00e1reas y el alumnado, se han realizado carteles sobre las mujeres relevantes en las diversas \u00e1reas. <a href=\"https:\/\/blogsaverroes.juntadeandalucia.es\/ieselcano\/files\/2021\/03\/20210305_113709-scaled.jpg\"><img loading=\"lazy\" decoding=\"async\" class=\"aligncenter wp-image-4505 size-medium\" src=\"https:\/\/blogsaverroes.juntadeandalucia.es\/ieselcano\/files\/2021\/03\/20210305_113709-scaled-e1615119754654-300x147.jpg\" alt=\"\" width=\"300\" height=\"147\" srcset=\"https:\/\/blogsaverroes.juntadeandalucia.es\/ieselcano\/files\/2021\/03\/20210305_113709-scaled-e1615119754654-300x147.jpg 300w, https:\/\/blogsaverroes.juntadeandalucia.es\/ieselcano\/files\/2021\/03\/20210305_113709-scaled-e1615119754654-1024x501.jpg 1024w, https:\/\/blogsaverroes.juntadeandalucia.es\/ieselcano\/files\/2021\/03\/20210305_113709-scaled-e1615119754654-768x376.jpg 768w, https:\/\/blogsaverroes.juntadeandalucia.es\/ieselcano\/files\/2021\/03\/20210305_113709-scaled-e1615119754654.jpg 1356w\" sizes=\"(max-width: 300px) 100vw, 300px\" \/><\/a> <a href=\"https:\/\/blogsaverroes.juntadeandalucia.es\/ieselcano\/files\/2021\/03\/20210305_113846-scaled.jpg\"><img loading=\"lazy\" decoding=\"async\" class=\"aligncenter wp-image-4506 size-medium\" src=\"https:\/\/blogsaverroes.juntadeandalucia.es\/ieselcano\/files\/2021\/03\/20210305_113846-scaled-e1615119794191-300x134.jpg\" alt=\"\" width=\"300\" height=\"134\" srcset=\"https:\/\/blogsaverroes.juntadeandalucia.es\/ieselcano\/files\/2021\/03\/20210305_113846-scaled-e1615119794191-300x134.jpg 300w, https:\/\/blogsaverroes.juntadeandalucia.es\/ieselcano\/files\/2021\/03\/20210305_113846-scaled-e1615119794191-1024x458.jpg 1024w, https:\/\/blogsaverroes.juntadeandalucia.es\/ieselcano\/files\/2021\/03\/20210305_113846-scaled-e1615119794191-768x344.jpg 768w, https:\/\/blogsaverroes.juntadeandalucia.es\/ieselcano\/files\/2021\/03\/20210305_113846-scaled-e1615119794191.jpg 1520w\" sizes=\"(max-width: 300px) 100vw, 300px\" \/><\/a> <a href=\"https:\/\/blogsaverroes.juntadeandalucia.es\/ieselcano\/files\/2021\/03\/20210305_113804-scaled.jpg\"><img loading=\"lazy\" decoding=\"async\" class=\"aligncenter wp-image-4507 size-medium\" src=\"https:\/\/blogsaverroes.juntadeandalucia.es\/ieselcano\/files\/2021\/03\/20210305_113804-scaled-e1615119836576-300x151.jpg\" alt=\"\" width=\"300\" height=\"151\" srcset=\"https:\/\/blogsaverroes.juntadeandalucia.es\/ieselcano\/files\/2021\/03\/20210305_113804-scaled-e1615119836576-300x151.jpg 300w, https:\/\/blogsaverroes.juntadeandalucia.es\/ieselcano\/files\/2021\/03\/20210305_113804-scaled-e1615119836576-1024x516.jpg 1024w, https:\/\/blogsaverroes.juntadeandalucia.es\/ieselcano\/files\/2021\/03\/20210305_113804-scaled-e1615119836576-768x387.jpg 768w, https:\/\/blogsaverroes.juntadeandalucia.es\/ieselcano\/files\/2021\/03\/20210305_113804-scaled-e1615119836576-1536x774.jpg 1536w, https:\/\/blogsaverroes.juntadeandalucia.es\/ieselcano\/files\/2021\/03\/20210305_113804-scaled-e1615119836576.jpg 1556w\" sizes=\"(max-width: 300px) 100vw, 300px\" \/><\/a> <a href=\"https:\/\/blogsaverroes.juntadeandalucia.es\/ieselcano\/files\/2021\/03\/IMG_20210307_125609_329.jpg\"><img loading=\"lazy\" decoding=\"async\" class=\"size-medium wp-image-4509 aligncenter\" src=\"https:\/\/blogsaverroes.juntadeandalucia.es\/ieselcano\/files\/2021\/03\/IMG_20210307_125609_329-300x300.jpg\" alt=\"\" width=\"300\" height=\"300\" srcset=\"https:\/\/blogsaverroes.juntadeandalucia.es\/ieselcano\/files\/2021\/03\/IMG_20210307_125609_329-300x300.jpg 300w, https:\/\/blogsaverroes.juntadeandalucia.es\/ieselcano\/files\/2021\/03\/IMG_20210307_125609_329-150x150.jpg 150w, https:\/\/blogsaverroes.juntadeandalucia.es\/ieselcano\/files\/2021\/03\/IMG_20210307_125609_329-768x768.jpg 768w, https:\/\/blogsaverroes.juntadeandalucia.es\/ieselcano\/files\/2021\/03\/IMG_20210307_125609_329-50x50.jpg 50w, https:\/\/blogsaverroes.juntadeandalucia.es\/ieselcano\/files\/2021\/03\/IMG_20210307_125609_329.jpg 945w\" sizes=\"(max-width: 300px) 100vw, 300px\" \/><\/a><\/p>\n<p>&nbsp;<\/p>\n<p>Se seleccionar\u00e1n los carteles m\u00e1s atractivos para realizar un calendario para el pr\u00f3ximo curso escolar, as\u00ed que en primer lugar siento mucho agradecimiento a vuestra labor.<\/p>\n<p>&nbsp;<\/p>\n<p>&nbsp;<\/p>\n","protected":false},"excerpt":{"rendered":"<p>EXPOSICI\u00d3N DE TRABAJOS DEL 8M El lunes 8 de Marzo para conmemorar el d\u00eda de la Mujer desde la coordinaci\u00f3n de Igualdad, el departamento de orientaci\u00f3n y actividades extraescolares, en colaboraci\u00f3n con el profesorado&#46;&#46;&#46;<\/p>\n","protected":false},"author":6263,"featured_media":4506,"comment_status":"closed","ping_status":"open","sticky":false,"template":"","format":"standard","meta":{"ngg_post_thumbnail":0,"footnotes":""},"categories":[1915162],"tags":[1915164,3253],"aioseo_notices":[],"_links":{"self":[{"href":"https:\/\/blogsaverroes.juntadeandalucia.es\/ieselcano\/wp-json\/wp\/v2\/posts\/4504"}],"collection":[{"href":"https:\/\/blogsaverroes.juntadeandalucia.es\/ieselcano\/wp-json\/wp\/v2\/posts"}],"about":[{"href":"https:\/\/blogsaverroes.juntadeandalucia.es\/ieselcano\/wp-json\/wp\/v2\/types\/post"}],"author":[{"embeddable":true,"href":"https:\/\/blogsaverroes.juntadeandalucia.es\/ieselcano\/wp-json\/wp\/v2\/users\/6263"}],"replies":[{"embeddable":true,"href":"https:\/\/blogsaverroes.juntadeandalucia.es\/ieselcano\/wp-json\/wp\/v2\/comments?post=4504"}],"version-history":[{"count":1,"href":"https:\/\/blogsaverroes.juntadeandalucia.es\/ieselcano\/wp-json\/wp\/v2\/posts\/4504\/revisions"}],"predecessor-version":[{"id":4510,"href":"https:\/\/blogsaverroes.juntadeandalucia.es\/ieselcano\/wp-json\/wp\/v2\/posts\/4504\/revisions\/4510"}],"wp:featuredmedia":[{"embeddable":true,"href":"https:\/\/blogsaverroes.juntadeandalucia.es\/ieselcano\/wp-json\/wp\/v2\/media\/4506"}],"wp:attachment":[{"href":"https:\/\/blogsaverroes.juntadeandalucia.es\/ieselcano\/wp-json\/wp\/v2\/media?parent=4504"}],"wp:term":[{"taxonomy":"category","embeddable":true,"href":"https:\/\/blogsaverroes.juntadeandalucia.es\/ieselcano\/wp-json\/wp\/v2\/categories?post=4504"},{"taxonomy":"post_tag","embeddable":true,"href":"https:\/\/blogsaverroes.juntadeandalucia.es\/ieselcano\/wp-json\/wp\/v2\/tags?post=4504"}],"curies":[{"name":"wp","href":"https:\/\/api.w.org\/{rel}","templated":true}]}}