{"id":4522,"date":"2021-03-12T19:33:22","date_gmt":"2021-03-12T19:33:22","guid":{"rendered":"https:\/\/blogsaverroes.juntadeandalucia.es\/ieselcano\/?p=4522"},"modified":"2021-03-12T19:34:37","modified_gmt":"2021-03-12T19:34:37","slug":"taller-elaboracion-de-podcast-coeducativo","status":"publish","type":"post","link":"https:\/\/blogsaverroes.juntadeandalucia.es\/ieselcano\/2021\/03\/12\/taller-elaboracion-de-podcast-coeducativo\/","title":{"rendered":"Taller elaboraci\u00f3n de podcast coeducativo"},"content":{"rendered":"<p>El pasado lunes 8 de Marzo se imparti\u00f3 en 2 de ESO los talleres de elaboraci\u00f3n de podcasts coeducativos de mano de la Asociaci\u00f3n Granadina de Formaci\u00f3n en Igualdad.<\/p>\n<p>En la primera hora, cada curso recibi\u00f3 en su aula la formaci\u00f3n de mano de una de las talleristas: Yolanda, Olivia y Ana.<\/p>\n<p>En la segunda hora, los tres cursos en el aula patio se organizaron por grupos para desde su propia creatividad grabar con sus m\u00f3viles su\u00a0 entrada.<\/p>\n<p>Posteriormente con todo el material recibido se elabora un documento sonoro, un podcast coeducativo.<\/p>\n<p>Espero que hay\u00e1is disfrutado mucho la experiencia!<\/p>\n<p><a href=\"https:\/\/blogsaverroes.juntadeandalucia.es\/ieselcano\/files\/2021\/03\/20210308_130027-scaled.jpg\"><img loading=\"lazy\" decoding=\"async\" class=\"alignnone size-medium wp-image-4529\" src=\"https:\/\/blogsaverroes.juntadeandalucia.es\/ieselcano\/files\/2021\/03\/20210308_130027-300x225.jpg\" alt=\"\" width=\"300\" height=\"225\" srcset=\"https:\/\/blogsaverroes.juntadeandalucia.es\/ieselcano\/files\/2021\/03\/20210308_130027-300x225.jpg 300w, https:\/\/blogsaverroes.juntadeandalucia.es\/ieselcano\/files\/2021\/03\/20210308_130027-1024x768.jpg 1024w, https:\/\/blogsaverroes.juntadeandalucia.es\/ieselcano\/files\/2021\/03\/20210308_130027-768x576.jpg 768w, https:\/\/blogsaverroes.juntadeandalucia.es\/ieselcano\/files\/2021\/03\/20210308_130027-1536x1152.jpg 1536w, https:\/\/blogsaverroes.juntadeandalucia.es\/ieselcano\/files\/2021\/03\/20210308_130027-2048x1536.jpg 2048w, https:\/\/blogsaverroes.juntadeandalucia.es\/ieselcano\/files\/2021\/03\/20210308_130027-scaled.jpg 1600w\" sizes=\"(max-width: 300px) 100vw, 300px\" \/><\/a><\/p>\n<p>&nbsp;<\/p>\n<p><a href=\"https:\/\/blogsaverroes.juntadeandalucia.es\/ieselcano\/files\/2021\/03\/20210308_130138-scaled.jpg\"><img loading=\"lazy\" decoding=\"async\" class=\"alignnone size-medium wp-image-4527\" src=\"https:\/\/blogsaverroes.juntadeandalucia.es\/ieselcano\/files\/2021\/03\/20210308_130138-300x225.jpg\" alt=\"\" width=\"300\" height=\"225\" srcset=\"https:\/\/blogsaverroes.juntadeandalucia.es\/ieselcano\/files\/2021\/03\/20210308_130138-300x225.jpg 300w, https:\/\/blogsaverroes.juntadeandalucia.es\/ieselcano\/files\/2021\/03\/20210308_130138-1024x768.jpg 1024w, https:\/\/blogsaverroes.juntadeandalucia.es\/ieselcano\/files\/2021\/03\/20210308_130138-768x576.jpg 768w, https:\/\/blogsaverroes.juntadeandalucia.es\/ieselcano\/files\/2021\/03\/20210308_130138-1536x1152.jpg 1536w, https:\/\/blogsaverroes.juntadeandalucia.es\/ieselcano\/files\/2021\/03\/20210308_130138-2048x1536.jpg 2048w, https:\/\/blogsaverroes.juntadeandalucia.es\/ieselcano\/files\/2021\/03\/20210308_130138-scaled.jpg 1600w\" sizes=\"(max-width: 300px) 100vw, 300px\" \/><\/a><\/p>\n<p><a href=\"https:\/\/blogsaverroes.juntadeandalucia.es\/ieselcano\/files\/2021\/03\/20210308_134535-scaled.jpg\"><img loading=\"lazy\" decoding=\"async\" class=\"alignnone size-medium wp-image-4523\" src=\"https:\/\/blogsaverroes.juntadeandalucia.es\/ieselcano\/files\/2021\/03\/20210308_134535-300x225.jpg\" alt=\"\" width=\"300\" height=\"225\" srcset=\"https:\/\/blogsaverroes.juntadeandalucia.es\/ieselcano\/files\/2021\/03\/20210308_134535-300x225.jpg 300w, https:\/\/blogsaverroes.juntadeandalucia.es\/ieselcano\/files\/2021\/03\/20210308_134535-1024x768.jpg 1024w, https:\/\/blogsaverroes.juntadeandalucia.es\/ieselcano\/files\/2021\/03\/20210308_134535-768x576.jpg 768w, https:\/\/blogsaverroes.juntadeandalucia.es\/ieselcano\/files\/2021\/03\/20210308_134535-1536x1152.jpg 1536w, https:\/\/blogsaverroes.juntadeandalucia.es\/ieselcano\/files\/2021\/03\/20210308_134535-2048x1536.jpg 2048w, https:\/\/blogsaverroes.juntadeandalucia.es\/ieselcano\/files\/2021\/03\/20210308_134535-scaled.jpg 1600w\" sizes=\"(max-width: 300px) 100vw, 300px\" \/><\/a><\/p>\n","protected":false},"excerpt":{"rendered":"<p>El pasado lunes 8 de Marzo se imparti\u00f3 en 2 de ESO los talleres de elaboraci\u00f3n de podcasts coeducativos de mano de la Asociaci\u00f3n Granadina de Formaci\u00f3n en Igualdad. En la primera hora, cada&#46;&#46;&#46;<\/p>\n","protected":false},"author":6263,"featured_media":4251,"comment_status":"closed","ping_status":"open","sticky":false,"template":"","format":"standard","meta":{"ngg_post_thumbnail":0,"footnotes":""},"categories":[1915162],"tags":[],"aioseo_notices":[],"_links":{"self":[{"href":"https:\/\/blogsaverroes.juntadeandalucia.es\/ieselcano\/wp-json\/wp\/v2\/posts\/4522"}],"collection":[{"href":"https:\/\/blogsaverroes.juntadeandalucia.es\/ieselcano\/wp-json\/wp\/v2\/posts"}],"about":[{"href":"https:\/\/blogsaverroes.juntadeandalucia.es\/ieselcano\/wp-json\/wp\/v2\/types\/post"}],"author":[{"embeddable":true,"href":"https:\/\/blogsaverroes.juntadeandalucia.es\/ieselcano\/wp-json\/wp\/v2\/users\/6263"}],"replies":[{"embeddable":true,"href":"https:\/\/blogsaverroes.juntadeandalucia.es\/ieselcano\/wp-json\/wp\/v2\/comments?post=4522"}],"version-history":[{"count":2,"href":"https:\/\/blogsaverroes.juntadeandalucia.es\/ieselcano\/wp-json\/wp\/v2\/posts\/4522\/revisions"}],"predecessor-version":[{"id":4536,"href":"https:\/\/blogsaverroes.juntadeandalucia.es\/ieselcano\/wp-json\/wp\/v2\/posts\/4522\/revisions\/4536"}],"wp:featuredmedia":[{"embeddable":true,"href":"https:\/\/blogsaverroes.juntadeandalucia.es\/ieselcano\/wp-json\/wp\/v2\/media\/4251"}],"wp:attachment":[{"href":"https:\/\/blogsaverroes.juntadeandalucia.es\/ieselcano\/wp-json\/wp\/v2\/media?parent=4522"}],"wp:term":[{"taxonomy":"category","embeddable":true,"href":"https:\/\/blogsaverroes.juntadeandalucia.es\/ieselcano\/wp-json\/wp\/v2\/categories?post=4522"},{"taxonomy":"post_tag","embeddable":true,"href":"https:\/\/blogsaverroes.juntadeandalucia.es\/ieselcano\/wp-json\/wp\/v2\/tags?post=4522"}],"curies":[{"name":"wp","href":"https:\/\/api.w.org\/{rel}","templated":true}]}}