{"id":4598,"date":"2021-05-01T12:13:08","date_gmt":"2021-05-01T12:13:08","guid":{"rendered":"https:\/\/blogsaverroes.juntadeandalucia.es\/ieselcano\/?p=4598"},"modified":"2021-05-01T12:22:22","modified_gmt":"2021-05-01T12:22:22","slug":"salida-a-las-piletas","status":"publish","type":"post","link":"https:\/\/blogsaverroes.juntadeandalucia.es\/ieselcano\/2021\/05\/01\/salida-a-las-piletas\/","title":{"rendered":"Salida a las Piletas"},"content":{"rendered":"<p>Durante los \u00faltimos d\u00edas de abril, como parte del programa Aldea de educaci\u00f3n medioambiental, nuestro alumnado de 1\u00ba de ESO ha salido del aula para aprender directamente de la naturaleza en la Playa de las Piletas. As\u00ed el mi\u00e9rcoles, jueves y viernes \u00faltimos del mes, cada uno de los tres grupos de 1\u00ba de ESO llev\u00f3 a cabo una excursi\u00f3n con el objetivo de realizar una limpieza de la playa y ver as\u00ed hasta qu\u00e9 punto descuidamos y ensuciamos este entorno cercano del que despu\u00e9s nos gusta tanto a todos disfrutar, m\u00e1s ahora que se va acercando el periodo estival. Alumnos y alumnas, acompa\u00f1ados de nuestro comprometido profesorado, y con la colaboraci\u00f3n de Ecologistas en Acci\u00f3n, participaron sobre la arena dorada de talleres en los que se les ense\u00f1\u00f3 las plantas y el ecosistema del litoral, realizaron avistamiento de aves, conocieron de t\u00fa a t\u00fa al chorlitejo; y sobre todo terminaron la jornada concienciados de que el medio ambiente es un bien necesario que precisa que lo cuidemos si queremos disfrutar de \u00e9l.<\/p>\n<p>&nbsp;<\/p>\n<p>La actividad, una vez concluida result\u00f3 muy interesante, los chicos y chicas de 1\u00ba estuvieron magn\u00edficos y totalmente entregados. Como dijo nuestra compa\u00f1era, In\u00e9s Lozano, principal art\u00edfice de este proyecto, estas cosas dejan huellas de todo tipo; o como ya dijo Confucio:\u00a0 \u00ab<em>Me lo contaron y lo olvid\u00e9; lo vi y lo entend\u00ed; lo hice y lo aprend\u00ed\u00bb. <\/em>En fin, una experiencia muy valiosa que nos ha servido a todas y todos para aprender, para crear conciencia y para fomentar valores. Para muestra algunas fotos acompa\u00f1adas de un par de dibujos de nuestra compa\u00f1era Marta Ad\u00e1n, que de lo bueno se hace arte.<\/p>\n<p>&nbsp;<\/p>\n<p><a href=\"https:\/\/blogsaverroes.juntadeandalucia.es\/ieselcano\/files\/2021\/05\/PHOTO-2021-04-28-13-36-50-2.jpg\"><img loading=\"lazy\" decoding=\"async\" class=\"alignnone size-medium wp-image-4602\" src=\"https:\/\/blogsaverroes.juntadeandalucia.es\/ieselcano\/files\/2021\/05\/PHOTO-2021-04-28-13-36-50-2-300x225.jpg\" alt=\"\" width=\"300\" height=\"225\" srcset=\"https:\/\/blogsaverroes.juntadeandalucia.es\/ieselcano\/files\/2021\/05\/PHOTO-2021-04-28-13-36-50-2-300x225.jpg 300w, https:\/\/blogsaverroes.juntadeandalucia.es\/ieselcano\/files\/2021\/05\/PHOTO-2021-04-28-13-36-50-2-1024x768.jpg 1024w, https:\/\/blogsaverroes.juntadeandalucia.es\/ieselcano\/files\/2021\/05\/PHOTO-2021-04-28-13-36-50-2-768x576.jpg 768w, https:\/\/blogsaverroes.juntadeandalucia.es\/ieselcano\/files\/2021\/05\/PHOTO-2021-04-28-13-36-50-2-1536x1152.jpg 1536w, https:\/\/blogsaverroes.juntadeandalucia.es\/ieselcano\/files\/2021\/05\/PHOTO-2021-04-28-13-36-50-2.jpg 1600w\" sizes=\"(max-width: 300px) 100vw, 300px\" \/><\/a>\u00a0 <a href=\"https:\/\/blogsaverroes.juntadeandalucia.es\/ieselcano\/files\/2021\/05\/IMG_5232.jpg\"><img loading=\"lazy\" decoding=\"async\" class=\"alignnone size-medium wp-image-4604\" src=\"https:\/\/blogsaverroes.juntadeandalucia.es\/ieselcano\/files\/2021\/05\/IMG_5232-300x225.jpg\" alt=\"\" width=\"300\" height=\"225\" srcset=\"https:\/\/blogsaverroes.juntadeandalucia.es\/ieselcano\/files\/2021\/05\/IMG_5232-300x225.jpg 300w, https:\/\/blogsaverroes.juntadeandalucia.es\/ieselcano\/files\/2021\/05\/IMG_5232-1024x768.jpg 1024w, https:\/\/blogsaverroes.juntadeandalucia.es\/ieselcano\/files\/2021\/05\/IMG_5232-768x576.jpg 768w, https:\/\/blogsaverroes.juntadeandalucia.es\/ieselcano\/files\/2021\/05\/IMG_5232-1536x1152.jpg 1536w, https:\/\/blogsaverroes.juntadeandalucia.es\/ieselcano\/files\/2021\/05\/IMG_5232.jpg 1600w\" sizes=\"(max-width: 300px) 100vw, 300px\" \/><\/a> <a href=\"https:\/\/blogsaverroes.juntadeandalucia.es\/ieselcano\/files\/2021\/05\/PHOTO-2021-04-29-16-17-18.jpg\"><img loading=\"lazy\" decoding=\"async\" class=\"alignnone size-medium wp-image-4599\" src=\"https:\/\/blogsaverroes.juntadeandalucia.es\/ieselcano\/files\/2021\/05\/PHOTO-2021-04-29-16-17-18-300x225.jpg\" alt=\"\" width=\"300\" height=\"225\" srcset=\"https:\/\/blogsaverroes.juntadeandalucia.es\/ieselcano\/files\/2021\/05\/PHOTO-2021-04-29-16-17-18-300x225.jpg 300w, https:\/\/blogsaverroes.juntadeandalucia.es\/ieselcano\/files\/2021\/05\/PHOTO-2021-04-29-16-17-18-1024x768.jpg 1024w, https:\/\/blogsaverroes.juntadeandalucia.es\/ieselcano\/files\/2021\/05\/PHOTO-2021-04-29-16-17-18-768x576.jpg 768w, https:\/\/blogsaverroes.juntadeandalucia.es\/ieselcano\/files\/2021\/05\/PHOTO-2021-04-29-16-17-18-1536x1152.jpg 1536w, https:\/\/blogsaverroes.juntadeandalucia.es\/ieselcano\/files\/2021\/05\/PHOTO-2021-04-29-16-17-18.jpg 1600w\" sizes=\"(max-width: 300px) 100vw, 300px\" \/><\/a><a href=\"https:\/\/blogsaverroes.juntadeandalucia.es\/ieselcano\/files\/2021\/05\/18d62204-1179-4613-a024-a9c89d4eeb39.jpg\"> <img loading=\"lazy\" decoding=\"async\" class=\"alignnone size-medium wp-image-4608\" src=\"https:\/\/blogsaverroes.juntadeandalucia.es\/ieselcano\/files\/2021\/05\/18d62204-1179-4613-a024-a9c89d4eeb39-300x214.jpg\" alt=\"\" width=\"300\" height=\"214\" srcset=\"https:\/\/blogsaverroes.juntadeandalucia.es\/ieselcano\/files\/2021\/05\/18d62204-1179-4613-a024-a9c89d4eeb39-300x214.jpg 300w, https:\/\/blogsaverroes.juntadeandalucia.es\/ieselcano\/files\/2021\/05\/18d62204-1179-4613-a024-a9c89d4eeb39-1024x732.jpg 1024w, https:\/\/blogsaverroes.juntadeandalucia.es\/ieselcano\/files\/2021\/05\/18d62204-1179-4613-a024-a9c89d4eeb39-768x549.jpg 768w, https:\/\/blogsaverroes.juntadeandalucia.es\/ieselcano\/files\/2021\/05\/18d62204-1179-4613-a024-a9c89d4eeb39.jpg 1404w\" sizes=\"(max-width: 300px) 100vw, 300px\" \/> <\/a><a href=\"https:\/\/blogsaverroes.juntadeandalucia.es\/ieselcano\/files\/2021\/05\/86ce09db-4263-4f4d-8567-c67bff49c402.jpg\"><img loading=\"lazy\" decoding=\"async\" class=\"alignnone size-medium wp-image-4607\" src=\"https:\/\/blogsaverroes.juntadeandalucia.es\/ieselcano\/files\/2021\/05\/86ce09db-4263-4f4d-8567-c67bff49c402-300x222.jpg\" alt=\"\" width=\"300\" height=\"222\" srcset=\"https:\/\/blogsaverroes.juntadeandalucia.es\/ieselcano\/files\/2021\/05\/86ce09db-4263-4f4d-8567-c67bff49c402-300x222.jpg 300w, https:\/\/blogsaverroes.juntadeandalucia.es\/ieselcano\/files\/2021\/05\/86ce09db-4263-4f4d-8567-c67bff49c402-1024x759.jpg 1024w, https:\/\/blogsaverroes.juntadeandalucia.es\/ieselcano\/files\/2021\/05\/86ce09db-4263-4f4d-8567-c67bff49c402-768x569.jpg 768w, https:\/\/blogsaverroes.juntadeandalucia.es\/ieselcano\/files\/2021\/05\/86ce09db-4263-4f4d-8567-c67bff49c402-1536x1139.jpg 1536w, https:\/\/blogsaverroes.juntadeandalucia.es\/ieselcano\/files\/2021\/05\/86ce09db-4263-4f4d-8567-c67bff49c402.jpg 1600w\" sizes=\"(max-width: 300px) 100vw, 300px\" \/><\/a><\/p>\n","protected":false},"excerpt":{"rendered":"<p>Durante los \u00faltimos d\u00edas de abril, como parte del programa Aldea de educaci\u00f3n medioambiental, nuestro alumnado de 1\u00ba de ESO ha salido del aula para aprender directamente de la naturaleza en la Playa de&#46;&#46;&#46;<\/p>\n","protected":false},"author":6274,"featured_media":0,"comment_status":"closed","ping_status":"open","sticky":false,"template":"","format":"standard","meta":{"ngg_post_thumbnail":0,"footnotes":""},"categories":[11909],"tags":[],"aioseo_notices":[],"_links":{"self":[{"href":"https:\/\/blogsaverroes.juntadeandalucia.es\/ieselcano\/wp-json\/wp\/v2\/posts\/4598"}],"collection":[{"href":"https:\/\/blogsaverroes.juntadeandalucia.es\/ieselcano\/wp-json\/wp\/v2\/posts"}],"about":[{"href":"https:\/\/blogsaverroes.juntadeandalucia.es\/ieselcano\/wp-json\/wp\/v2\/types\/post"}],"author":[{"embeddable":true,"href":"https:\/\/blogsaverroes.juntadeandalucia.es\/ieselcano\/wp-json\/wp\/v2\/users\/6274"}],"replies":[{"embeddable":true,"href":"https:\/\/blogsaverroes.juntadeandalucia.es\/ieselcano\/wp-json\/wp\/v2\/comments?post=4598"}],"version-history":[{"count":3,"href":"https:\/\/blogsaverroes.juntadeandalucia.es\/ieselcano\/wp-json\/wp\/v2\/posts\/4598\/revisions"}],"predecessor-version":[{"id":4611,"href":"https:\/\/blogsaverroes.juntadeandalucia.es\/ieselcano\/wp-json\/wp\/v2\/posts\/4598\/revisions\/4611"}],"wp:attachment":[{"href":"https:\/\/blogsaverroes.juntadeandalucia.es\/ieselcano\/wp-json\/wp\/v2\/media?parent=4598"}],"wp:term":[{"taxonomy":"category","embeddable":true,"href":"https:\/\/blogsaverroes.juntadeandalucia.es\/ieselcano\/wp-json\/wp\/v2\/categories?post=4598"},{"taxonomy":"post_tag","embeddable":true,"href":"https:\/\/blogsaverroes.juntadeandalucia.es\/ieselcano\/wp-json\/wp\/v2\/tags?post=4598"}],"curies":[{"name":"wp","href":"https:\/\/api.w.org\/{rel}","templated":true}]}}