{"id":5047,"date":"2022-03-06T17:30:11","date_gmt":"2022-03-06T17:30:11","guid":{"rendered":"https:\/\/blogsaverroes.juntadeandalucia.es\/ieselcano\/?p=5047"},"modified":"2022-03-06T17:32:14","modified_gmt":"2022-03-06T17:32:14","slug":"orgullosos-de-ser-andaluces","status":"publish","type":"post","link":"https:\/\/blogsaverroes.juntadeandalucia.es\/ieselcano\/2022\/03\/06\/orgullosos-de-ser-andaluces\/","title":{"rendered":"ORGULLOSOS DE SER ANDALUCES"},"content":{"rendered":"<h3>La celebraci\u00f3n del d\u00eda de Andaluc\u00eda\u00a0 en el IES Elcano<\/h3>\n<p><strong>-Luc\u00eda Galv\u00e1n \u00c1lvarez, 4\u00baA-<\/strong><\/p>\n<p><strong>\u00a05 de marzo de 2022, 14:12<\/strong><\/p>\n<p><!--more--><\/p>\n<p>Las personas andaluzas esperan con muchos nervios y entusiasmo a que llegue el d\u00eda 28 de febrero, porque este d\u00eda se conmemora la celebraci\u00f3n hist\u00f3rica del refer\u00e9ndum de 1980 d\u00f3nde se dio plena autonom\u00eda a Andaluc\u00eda.<!--more--><a href=\"https:\/\/blogsaverroes.juntadeandalucia.es\/ieselcano\/files\/2022\/03\/bandera.png\"><img loading=\"lazy\" decoding=\"async\" class=\"alignright size-medium wp-image-5048\" src=\"https:\/\/blogsaverroes.juntadeandalucia.es\/ieselcano\/files\/2022\/03\/bandera-300x200.png\" alt=\"\" width=\"300\" height=\"200\" srcset=\"https:\/\/blogsaverroes.juntadeandalucia.es\/ieselcano\/files\/2022\/03\/bandera-300x200.png 300w, https:\/\/blogsaverroes.juntadeandalucia.es\/ieselcano\/files\/2022\/03\/bandera.png 600w\" sizes=\"(max-width: 300px) 100vw, 300px\" \/><\/a><\/p>\n<p>El pasado viernes 25 de febrero el IES Juan Sebasti\u00e1n Elcano decidi\u00f3 celebrar el d\u00eda de Andaluc\u00eda con distintos eventos y actuaciones que se llevaron a cabo desde las 11:15 de la ma\u00f1ana.<\/p>\n<p>Una interpretaci\u00f3n del himno de Andaluc\u00eda realizada por varios alumnos del centro, dio comienzo a todo lo que se iba a llevar a cabo ese d\u00eda. A continuaci\u00f3n, el alumnado del centro pudo disfrutar de un desayuno andaluz que se reparti\u00f3 en la cafeter\u00eda.<\/p>\n<p>Zumba Flamenca llev\u00f3 a cabo una perfecta actuaci\u00f3n de baile flamenco, y despu\u00e9s dieron una clase de zumba donde alumnos y profesores del centro se animaron a bailar junto a ellas.<\/p>\n<p><a href=\"https:\/\/blogsaverroes.juntadeandalucia.es\/ieselcano\/files\/2022\/03\/juegos.jpg\"><img loading=\"lazy\" decoding=\"async\" class=\"size-medium wp-image-5049 alignleft\" src=\"https:\/\/blogsaverroes.juntadeandalucia.es\/ieselcano\/files\/2022\/03\/juegos-300x168.jpg\" alt=\"\" width=\"300\" height=\"168\" srcset=\"https:\/\/blogsaverroes.juntadeandalucia.es\/ieselcano\/files\/2022\/03\/juegos-300x168.jpg 300w, https:\/\/blogsaverroes.juntadeandalucia.es\/ieselcano\/files\/2022\/03\/juegos-1024x572.jpg 1024w, https:\/\/blogsaverroes.juntadeandalucia.es\/ieselcano\/files\/2022\/03\/juegos-768x429.jpg 768w, https:\/\/blogsaverroes.juntadeandalucia.es\/ieselcano\/files\/2022\/03\/juegos.jpg 1080w\" sizes=\"(max-width: 300px) 100vw, 300px\" \/><\/a>A partir de las 12 de la ma\u00f1ana dieron comienzo las actuaciones musicales y las competiciones deportivas de baloncesto, voleibol, p\u00e1del, etc; donde participaron tanto alumnos como profesores.<\/p>\n<p>Durante las actuaciones, se pudo ver el talento que tienen algunos de los alumnos del IES Elcano; nos ofrecieron distintas\u00a0 canciones, a piano, guitarra, viol\u00edn y flauta. Adem\u00e1s, el alumnado de 4\u00ba ESO de lat\u00edn, interpret\u00f3 un pasodoble de carnaval junto a su profesora.<\/p>\n<p>Gracias al esfuerzo del profesorado y del AMPA\u00a0 se pudo realizar este d\u00eda de Andaluc\u00eda, d\u00f3nde se conmemor\u00f3 a nuestra comunidad y que los alumnos disfrutaran de este d\u00eda tan especial.<\/p>\n<p>Siempre es un placer informaros con las noticias del IES Juan Sebasti\u00e1n Elcano.<\/p>\n","protected":false},"excerpt":{"rendered":"<p>La celebraci\u00f3n del d\u00eda de Andaluc\u00eda\u00a0 en el IES Elcano -Luc\u00eda Galv\u00e1n \u00c1lvarez, 4\u00baA- \u00a05 de marzo de 2022, 14:12<\/p>\n","protected":false},"author":6278,"featured_media":5048,"comment_status":"closed","ping_status":"open","sticky":false,"template":"","format":"standard","meta":{"ngg_post_thumbnail":0,"footnotes":""},"categories":[5991,213,25505],"tags":[],"aioseo_notices":[],"_links":{"self":[{"href":"https:\/\/blogsaverroes.juntadeandalucia.es\/ieselcano\/wp-json\/wp\/v2\/posts\/5047"}],"collection":[{"href":"https:\/\/blogsaverroes.juntadeandalucia.es\/ieselcano\/wp-json\/wp\/v2\/posts"}],"about":[{"href":"https:\/\/blogsaverroes.juntadeandalucia.es\/ieselcano\/wp-json\/wp\/v2\/types\/post"}],"author":[{"embeddable":true,"href":"https:\/\/blogsaverroes.juntadeandalucia.es\/ieselcano\/wp-json\/wp\/v2\/users\/6278"}],"replies":[{"embeddable":true,"href":"https:\/\/blogsaverroes.juntadeandalucia.es\/ieselcano\/wp-json\/wp\/v2\/comments?post=5047"}],"version-history":[{"count":4,"href":"https:\/\/blogsaverroes.juntadeandalucia.es\/ieselcano\/wp-json\/wp\/v2\/posts\/5047\/revisions"}],"predecessor-version":[{"id":5053,"href":"https:\/\/blogsaverroes.juntadeandalucia.es\/ieselcano\/wp-json\/wp\/v2\/posts\/5047\/revisions\/5053"}],"wp:featuredmedia":[{"embeddable":true,"href":"https:\/\/blogsaverroes.juntadeandalucia.es\/ieselcano\/wp-json\/wp\/v2\/media\/5048"}],"wp:attachment":[{"href":"https:\/\/blogsaverroes.juntadeandalucia.es\/ieselcano\/wp-json\/wp\/v2\/media?parent=5047"}],"wp:term":[{"taxonomy":"category","embeddable":true,"href":"https:\/\/blogsaverroes.juntadeandalucia.es\/ieselcano\/wp-json\/wp\/v2\/categories?post=5047"},{"taxonomy":"post_tag","embeddable":true,"href":"https:\/\/blogsaverroes.juntadeandalucia.es\/ieselcano\/wp-json\/wp\/v2\/tags?post=5047"}],"curies":[{"name":"wp","href":"https:\/\/api.w.org\/{rel}","templated":true}]}}