{"id":5440,"date":"2023-05-11T11:11:08","date_gmt":"2023-05-11T11:11:08","guid":{"rendered":"https:\/\/blogsaverroes.juntadeandalucia.es\/ieselcano\/?p=5440"},"modified":"2023-05-11T11:11:08","modified_gmt":"2023-05-11T11:11:08","slug":"dia-del-libro-22-23","status":"publish","type":"post","link":"https:\/\/blogsaverroes.juntadeandalucia.es\/ieselcano\/2023\/05\/11\/dia-del-libro-22-23\/","title":{"rendered":"D\u00eda del Libro 22-23"},"content":{"rendered":"<p>Talleres, concursos y conferencias, entre otras muchas actividades, para celebrar el D\u00eda del Libro en nuestro centro. Durante m\u00e1s de una semana, nuestras aulas y patios se han llenado de libros para compartir, y de t\u00edtulos que nos han hecho volar a cientos de lugares.<\/p>\n<p>Comenzamos con una actividad de Amigo Invisible entre el profesorado del centro para intercambiar libros y experiencias,\u00a0 y con conferencias a cargo de nuestro compa\u00f1ero y premiado escritor, Pablo Guti\u00e9rrez, y de una antigua alumna de nuestro centro con varios libros ya publicados, Estrella del Roc\u00edo Cabeza Rodr\u00edguez.<\/p>\n<p>Durante la semana siguiente, nuestro alumnado cre\u00f3 cadenetas con t\u00edtulos de libros, un fanzine, cuentas de Instagram de c\u00e9lebres escritores antiguos, particip\u00f3 en un taller de literatura cibern\u00e9tica, elabor\u00f3 un <em>Bookflix,\u00a0<\/em>decor\u00f3 su aula a partir de su libro favorito, hizo videopoemas y <em>booktrailer, <\/em>asisti\u00f3 a una obra de teatro cl\u00e1sico, grab\u00f3 v\u00eddeos representando escenas de libros, hizo trueque de libros, se caracteriz\u00f3 como sus personajes literarios favoritos y grab\u00f3 un v\u00eddeo, particip\u00f3 en el concurso de Poes\u00eda, Relato Corto y Teatro, y en el mercadillo solidario a beneficio de Afanas.<\/p>\n<p><a href=\"https:\/\/blogsaverroes.juntadeandalucia.es\/ieselcano\/files\/2023\/05\/amigo-invisible-scaled.jpg\"><img loading=\"lazy\" decoding=\"async\" class=\"alignleft size-medium wp-image-5441\" src=\"https:\/\/blogsaverroes.juntadeandalucia.es\/ieselcano\/files\/2023\/05\/amigo-invisible-300x225.jpg\" alt=\"\" width=\"300\" height=\"225\" srcset=\"https:\/\/blogsaverroes.juntadeandalucia.es\/ieselcano\/files\/2023\/05\/amigo-invisible-300x225.jpg 300w, https:\/\/blogsaverroes.juntadeandalucia.es\/ieselcano\/files\/2023\/05\/amigo-invisible-1024x768.jpg 1024w, https:\/\/blogsaverroes.juntadeandalucia.es\/ieselcano\/files\/2023\/05\/amigo-invisible-768x576.jpg 768w, https:\/\/blogsaverroes.juntadeandalucia.es\/ieselcano\/files\/2023\/05\/amigo-invisible-1536x1152.jpg 1536w, https:\/\/blogsaverroes.juntadeandalucia.es\/ieselcano\/files\/2023\/05\/amigo-invisible-2048x1536.jpg 2048w, https:\/\/blogsaverroes.juntadeandalucia.es\/ieselcano\/files\/2023\/05\/amigo-invisible-scaled.jpg 1600w\" sizes=\"(max-width: 300px) 100vw, 300px\" \/><\/a> <a href=\"https:\/\/blogsaverroes.juntadeandalucia.es\/ieselcano\/files\/2023\/05\/bookflix-scaled.jpg\"><img loading=\"lazy\" decoding=\"async\" class=\"alignleft size-medium wp-image-5442\" src=\"https:\/\/blogsaverroes.juntadeandalucia.es\/ieselcano\/files\/2023\/05\/bookflix-225x300.jpg\" alt=\"\" width=\"225\" height=\"300\" srcset=\"https:\/\/blogsaverroes.juntadeandalucia.es\/ieselcano\/files\/2023\/05\/bookflix-225x300.jpg 225w, https:\/\/blogsaverroes.juntadeandalucia.es\/ieselcano\/files\/2023\/05\/bookflix-768x1024.jpg 768w, https:\/\/blogsaverroes.juntadeandalucia.es\/ieselcano\/files\/2023\/05\/bookflix-1152x1536.jpg 1152w, https:\/\/blogsaverroes.juntadeandalucia.es\/ieselcano\/files\/2023\/05\/bookflix-1536x2048.jpg 1536w, https:\/\/blogsaverroes.juntadeandalucia.es\/ieselcano\/files\/2023\/05\/bookflix-scaled.jpg 1200w\" sizes=\"(max-width: 225px) 100vw, 225px\" \/><\/a> <a href=\"https:\/\/blogsaverroes.juntadeandalucia.es\/ieselcano\/files\/2023\/05\/conferencia-Pablo-scaled.jpg\"><img loading=\"lazy\" decoding=\"async\" class=\"alignleft size-medium wp-image-5443\" src=\"https:\/\/blogsaverroes.juntadeandalucia.es\/ieselcano\/files\/2023\/05\/conferencia-Pablo-300x225.jpg\" alt=\"\" width=\"300\" height=\"225\" srcset=\"https:\/\/blogsaverroes.juntadeandalucia.es\/ieselcano\/files\/2023\/05\/conferencia-Pablo-300x225.jpg 300w, https:\/\/blogsaverroes.juntadeandalucia.es\/ieselcano\/files\/2023\/05\/conferencia-Pablo-1024x768.jpg 1024w, https:\/\/blogsaverroes.juntadeandalucia.es\/ieselcano\/files\/2023\/05\/conferencia-Pablo-768x576.jpg 768w, https:\/\/blogsaverroes.juntadeandalucia.es\/ieselcano\/files\/2023\/05\/conferencia-Pablo-1536x1152.jpg 1536w, https:\/\/blogsaverroes.juntadeandalucia.es\/ieselcano\/files\/2023\/05\/conferencia-Pablo-2048x1536.jpg 2048w, https:\/\/blogsaverroes.juntadeandalucia.es\/ieselcano\/files\/2023\/05\/conferencia-Pablo-scaled.jpg 1600w\" sizes=\"(max-width: 300px) 100vw, 300px\" \/><\/a> <a href=\"https:\/\/blogsaverroes.juntadeandalucia.es\/ieselcano\/files\/2023\/05\/el-principito-scaled.jpg\"><img loading=\"lazy\" decoding=\"async\" class=\"alignleft size-medium wp-image-5444\" src=\"https:\/\/blogsaverroes.juntadeandalucia.es\/ieselcano\/files\/2023\/05\/el-principito-300x225.jpg\" alt=\"\" width=\"300\" height=\"225\" srcset=\"https:\/\/blogsaverroes.juntadeandalucia.es\/ieselcano\/files\/2023\/05\/el-principito-300x225.jpg 300w, https:\/\/blogsaverroes.juntadeandalucia.es\/ieselcano\/files\/2023\/05\/el-principito-1024x768.jpg 1024w, https:\/\/blogsaverroes.juntadeandalucia.es\/ieselcano\/files\/2023\/05\/el-principito-768x576.jpg 768w, https:\/\/blogsaverroes.juntadeandalucia.es\/ieselcano\/files\/2023\/05\/el-principito-1536x1152.jpg 1536w, https:\/\/blogsaverroes.juntadeandalucia.es\/ieselcano\/files\/2023\/05\/el-principito-2048x1536.jpg 2048w, https:\/\/blogsaverroes.juntadeandalucia.es\/ieselcano\/files\/2023\/05\/el-principito-scaled.jpg 1600w\" sizes=\"(max-width: 300px) 100vw, 300px\" \/><\/a> <a href=\"https:\/\/blogsaverroes.juntadeandalucia.es\/ieselcano\/files\/2023\/05\/los-futbolisimos-scaled.jpg\"><img loading=\"lazy\" decoding=\"async\" class=\"alignleft size-medium wp-image-5445\" src=\"https:\/\/blogsaverroes.juntadeandalucia.es\/ieselcano\/files\/2023\/05\/los-futbolisimos-300x225.jpg\" alt=\"\" width=\"300\" height=\"225\" srcset=\"https:\/\/blogsaverroes.juntadeandalucia.es\/ieselcano\/files\/2023\/05\/los-futbolisimos-300x225.jpg 300w, https:\/\/blogsaverroes.juntadeandalucia.es\/ieselcano\/files\/2023\/05\/los-futbolisimos-1024x768.jpg 1024w, https:\/\/blogsaverroes.juntadeandalucia.es\/ieselcano\/files\/2023\/05\/los-futbolisimos-768x576.jpg 768w, https:\/\/blogsaverroes.juntadeandalucia.es\/ieselcano\/files\/2023\/05\/los-futbolisimos-1536x1152.jpg 1536w, https:\/\/blogsaverroes.juntadeandalucia.es\/ieselcano\/files\/2023\/05\/los-futbolisimos-2048x1536.jpg 2048w, https:\/\/blogsaverroes.juntadeandalucia.es\/ieselcano\/files\/2023\/05\/los-futbolisimos-scaled.jpg 1600w\" sizes=\"(max-width: 300px) 100vw, 300px\" \/><\/a> <a href=\"https:\/\/blogsaverroes.juntadeandalucia.es\/ieselcano\/files\/2023\/05\/mercadillo-solidario.jpg\"><img loading=\"lazy\" decoding=\"async\" class=\"alignleft size-medium wp-image-5446\" src=\"https:\/\/blogsaverroes.juntadeandalucia.es\/ieselcano\/files\/2023\/05\/mercadillo-solidario-225x300.jpg\" alt=\"\" width=\"225\" height=\"300\" srcset=\"https:\/\/blogsaverroes.juntadeandalucia.es\/ieselcano\/files\/2023\/05\/mercadillo-solidario-225x300.jpg 225w, https:\/\/blogsaverroes.juntadeandalucia.es\/ieselcano\/files\/2023\/05\/mercadillo-solidario-768x1024.jpg 768w, https:\/\/blogsaverroes.juntadeandalucia.es\/ieselcano\/files\/2023\/05\/mercadillo-solidario-1152x1536.jpg 1152w, https:\/\/blogsaverroes.juntadeandalucia.es\/ieselcano\/files\/2023\/05\/mercadillo-solidario.jpg 1200w\" sizes=\"(max-width: 225px) 100vw, 225px\" \/><\/a> <a href=\"https:\/\/blogsaverroes.juntadeandalucia.es\/ieselcano\/files\/2023\/05\/Peter-Pan-scaled.jpg\"><img loading=\"lazy\" decoding=\"async\" class=\"alignleft size-medium wp-image-5447\" src=\"https:\/\/blogsaverroes.juntadeandalucia.es\/ieselcano\/files\/2023\/05\/Peter-Pan-300x225.jpg\" alt=\"\" width=\"300\" height=\"225\" srcset=\"https:\/\/blogsaverroes.juntadeandalucia.es\/ieselcano\/files\/2023\/05\/Peter-Pan-300x225.jpg 300w, https:\/\/blogsaverroes.juntadeandalucia.es\/ieselcano\/files\/2023\/05\/Peter-Pan-1024x768.jpg 1024w, https:\/\/blogsaverroes.juntadeandalucia.es\/ieselcano\/files\/2023\/05\/Peter-Pan-768x576.jpg 768w, https:\/\/blogsaverroes.juntadeandalucia.es\/ieselcano\/files\/2023\/05\/Peter-Pan-1536x1152.jpg 1536w, https:\/\/blogsaverroes.juntadeandalucia.es\/ieselcano\/files\/2023\/05\/Peter-Pan-2048x1536.jpg 2048w, https:\/\/blogsaverroes.juntadeandalucia.es\/ieselcano\/files\/2023\/05\/Peter-Pan-scaled.jpg 1600w\" sizes=\"(max-width: 300px) 100vw, 300px\" \/><\/a><\/p>\n","protected":false},"excerpt":{"rendered":"<p>Talleres, concursos y conferencias, entre otras muchas actividades, para celebrar el D\u00eda del Libro en nuestro centro. Durante m\u00e1s de una semana, nuestras aulas y patios se han llenado de libros para compartir, y&#46;&#46;&#46;<\/p>\n","protected":false},"author":6403,"featured_media":0,"comment_status":"closed","ping_status":"open","sticky":false,"template":"","format":"standard","meta":{"ngg_post_thumbnail":0,"footnotes":""},"categories":[11909],"tags":[],"aioseo_notices":[],"_links":{"self":[{"href":"https:\/\/blogsaverroes.juntadeandalucia.es\/ieselcano\/wp-json\/wp\/v2\/posts\/5440"}],"collection":[{"href":"https:\/\/blogsaverroes.juntadeandalucia.es\/ieselcano\/wp-json\/wp\/v2\/posts"}],"about":[{"href":"https:\/\/blogsaverroes.juntadeandalucia.es\/ieselcano\/wp-json\/wp\/v2\/types\/post"}],"author":[{"embeddable":true,"href":"https:\/\/blogsaverroes.juntadeandalucia.es\/ieselcano\/wp-json\/wp\/v2\/users\/6403"}],"replies":[{"embeddable":true,"href":"https:\/\/blogsaverroes.juntadeandalucia.es\/ieselcano\/wp-json\/wp\/v2\/comments?post=5440"}],"version-history":[{"count":1,"href":"https:\/\/blogsaverroes.juntadeandalucia.es\/ieselcano\/wp-json\/wp\/v2\/posts\/5440\/revisions"}],"predecessor-version":[{"id":5448,"href":"https:\/\/blogsaverroes.juntadeandalucia.es\/ieselcano\/wp-json\/wp\/v2\/posts\/5440\/revisions\/5448"}],"wp:attachment":[{"href":"https:\/\/blogsaverroes.juntadeandalucia.es\/ieselcano\/wp-json\/wp\/v2\/media?parent=5440"}],"wp:term":[{"taxonomy":"category","embeddable":true,"href":"https:\/\/blogsaverroes.juntadeandalucia.es\/ieselcano\/wp-json\/wp\/v2\/categories?post=5440"},{"taxonomy":"post_tag","embeddable":true,"href":"https:\/\/blogsaverroes.juntadeandalucia.es\/ieselcano\/wp-json\/wp\/v2\/tags?post=5440"}],"curies":[{"name":"wp","href":"https:\/\/api.w.org\/{rel}","templated":true}]}}