{"id":3425,"date":"2021-09-01T17:27:18","date_gmt":"2021-09-01T17:27:18","guid":{"rendered":"https:\/\/blogsaverroes.juntadeandalucia.es\/ieselenagarciaarmada\/?p=3425"},"modified":"2021-09-01T17:28:32","modified_gmt":"2021-09-01T17:28:32","slug":"3425-2","status":"publish","type":"post","link":"https:\/\/blogsaverroes.juntadeandalucia.es\/ieselenagarciaarmada\/3425-2\/","title":{"rendered":"BECAS CURSO 21\/22"},"content":{"rendered":"<p><a href=\"https:\/\/blogsaverroes.juntadeandalucia.es\/ieselenagarciaarmada\/files\/2021\/09\/becas.jpg\"><img loading=\"lazy\" decoding=\"async\" class=\"aligncenter wp-image-3426 size-full\" src=\"https:\/\/blogsaverroes.juntadeandalucia.es\/ieselenagarciaarmada\/files\/2021\/09\/becas.jpg\" alt=\"\" width=\"300\" height=\"168\"><\/a><\/p>\n<p style=\"text-align: center\"><span style=\"text-decoration: underline\"><strong><span style=\"font-size: 14pt\">Beca MEC para alumnado de Bachillerato<\/span><\/strong><\/span><\/p>\n<p style=\"text-align: justify\">Acceso al tr\u00e1mite: <a title=\"Acesso al tr\u00e1mite Beca MEC\" href=\"https:\/\/sede.educacion.gob.es\/sede\/login\/inicio.jjsp?idConvocatoria=1556\">Acesso al tr\u00e1mite Beca MEC<\/a><\/p>\n<p style=\"text-align: justify\">Plazo: Hasta el 30 de septiembre<\/p>\n<p style=\"text-align: justify\">M\u00e1s informaci\u00f3n: <a href=\"https:\/\/www.educacionyfp.gob.es\/servicios-al-ciudadano\/catalogo\/estudiantes\/becas-ayudas\/para-estudiar\/bachillerato\/becas-generales-no-universitarias.html#dc1\">M\u00e1s informaci\u00f3n Beca MEC<\/a><\/p>\n<p style=\"text-align: justify\">Videotutorial para los primeros pasos de la solicitud: <a href=\"https:\/\/www.youtube.com\/watch?v=XKqQgczzuqY\">Videotutorial primeros pasos<\/a><\/p>\n<p style=\"text-align: justify\">Adem\u00e1s de la beca general del Ministerio, la Junta de Andaluc\u00eda ofrece la Beca 6000 y la Beca Adriano cuyas convocatorias saldr\u00e1n en los pr\u00f3ximos meses.<\/p>\n<p style=\"text-align: justify\">Les recuerdo que uno de los requisitos para poder solicitar la Beca 6000 es haber solicitado la beca general del Ministerio, ambas son compatibles y, seg\u00fan convocatorias anteriores, pueden ser beneficiarios de ambas.<\/p>\n<p style=\"text-align: justify\">Para m\u00e1s informaci\u00f3n solicitar cita con el secretario.<\/p>\n<p style=\"text-align: center\"><span style=\"text-decoration: underline\"><strong><span style=\"font-size: 14pt\">Becas para alumnado con necesidades espec\u00edfica de apoyo educativo<\/span><\/strong><\/span><\/p>\n<p style=\"text-align: justify\">Acceso al tr\u00e1mite: <a href=\"https:\/\/sede.educacion.gob.es\/sede\/login\/inicio.jjsp?idConvocatoria=1554\">Acceso al tr\u00e1mite Beca NEAE<\/a><\/p>\n<p style=\"text-align: justify\">Plazo: Hasta el 30 de septiembre<\/p>\n<p style=\"text-align: justify\">M\u00e1s informaci\u00f3n: <a href=\"https:\/\/www.educacionyfp.gob.es\/servicios-al-ciudadano\/catalogo\/estudiantes\/becas-ayudas\/para-estudiar\/bachillerato\/necesidad-especifica-apoyo-educativo.html\">M\u00e1s informaci\u00f3n Beca NEAE<\/a><\/p>\n<p style=\"text-align: justify\">Para m\u00e1s informaci\u00f3n solicitar cita con la Orientadora.<\/p>\n","protected":false},"excerpt":{"rendered":"<p>Beca MEC para alumnado de Bachillerato Acceso al tr\u00e1mite: Acesso al tr\u00e1mite Beca MEC Plazo: Hasta el 30 de septiembre M\u00e1s informaci\u00f3n: M\u00e1s informaci\u00f3n Beca MEC Videotutorial para los primeros&#46;&#46;&#46;<\/p>\n","protected":false},"author":10331,"featured_media":0,"comment_status":"open","ping_status":"open","sticky":false,"template":"","format":"standard","meta":{"ngg_post_thumbnail":0,"footnotes":""},"categories":[26636],"tags":[],"aioseo_notices":[],"_links":{"self":[{"href":"https:\/\/blogsaverroes.juntadeandalucia.es\/ieselenagarciaarmada\/wp-json\/wp\/v2\/posts\/3425"}],"collection":[{"href":"https:\/\/blogsaverroes.juntadeandalucia.es\/ieselenagarciaarmada\/wp-json\/wp\/v2\/posts"}],"about":[{"href":"https:\/\/blogsaverroes.juntadeandalucia.es\/ieselenagarciaarmada\/wp-json\/wp\/v2\/types\/post"}],"author":[{"embeddable":true,"href":"https:\/\/blogsaverroes.juntadeandalucia.es\/ieselenagarciaarmada\/wp-json\/wp\/v2\/users\/10331"}],"replies":[{"embeddable":true,"href":"https:\/\/blogsaverroes.juntadeandalucia.es\/ieselenagarciaarmada\/wp-json\/wp\/v2\/comments?post=3425"}],"version-history":[{"count":2,"href":"https:\/\/blogsaverroes.juntadeandalucia.es\/ieselenagarciaarmada\/wp-json\/wp\/v2\/posts\/3425\/revisions"}],"predecessor-version":[{"id":3428,"href":"https:\/\/blogsaverroes.juntadeandalucia.es\/ieselenagarciaarmada\/wp-json\/wp\/v2\/posts\/3425\/revisions\/3428"}],"wp:attachment":[{"href":"https:\/\/blogsaverroes.juntadeandalucia.es\/ieselenagarciaarmada\/wp-json\/wp\/v2\/media?parent=3425"}],"wp:term":[{"taxonomy":"category","embeddable":true,"href":"https:\/\/blogsaverroes.juntadeandalucia.es\/ieselenagarciaarmada\/wp-json\/wp\/v2\/categories?post=3425"},{"taxonomy":"post_tag","embeddable":true,"href":"https:\/\/blogsaverroes.juntadeandalucia.es\/ieselenagarciaarmada\/wp-json\/wp\/v2\/tags?post=3425"}],"curies":[{"name":"wp","href":"https:\/\/api.w.org\/{rel}","templated":true}]}}