{"id":3560,"date":"2021-10-26T09:15:57","date_gmt":"2021-10-26T09:15:57","guid":{"rendered":"https:\/\/blogsaverroes.juntadeandalucia.es\/ieselenagarciaarmada\/?p=3560"},"modified":"2022-03-06T18:01:13","modified_gmt":"2022-03-06T18:01:13","slug":"pasaron-de-la-vera","status":"publish","type":"post","link":"https:\/\/blogsaverroes.juntadeandalucia.es\/ieselenagarciaarmada\/pasaron-de-la-vera\/","title":{"rendered":"Inmersi\u00f3n Ling\u00fc\u00edstica en Pasar\u00f3n de la Vera"},"content":{"rendered":"<p style=\"text-align: justify\">El pasado domingo 24 de octubre dos profesoras y el alumnado de 2\u00ba ESO salimos hacia Pasar\u00f3n de la Vera (C\u00e1ceres) para pasar una semana de Inmersi\u00f3n Ling\u00fc\u00edstica con cuatro monitores nativos para realizar actividades sobre ciencia.<\/p>\n<p style=\"text-align: justify\">El primer d\u00eda salimos de Jerez por la ma\u00f1ana con muchas ganas para nuestro destino, un camino un poco largo pero seguro que merece la pena. Al llegar al campamento lo primero que les hicieron hacer fue sus camas ya que las ten\u00edan sin preparar con las s\u00e1banas y las mantas sin colocar. \u00a1Toda una experiencia!<\/p>\n<p><img loading=\"lazy\" decoding=\"async\" class=\"alignnone size-medium wp-image-3627 aligncenter\" src=\"https:\/\/blogsaverroes.juntadeandalucia.es\/ieselenagarciaarmada\/files\/2021\/10\/WhatsApp-Image-2021-10-24-at-11.40.54-300x169.jpeg\" alt=\"\" width=\"300\" height=\"169\" srcset=\"https:\/\/blogsaverroes.juntadeandalucia.es\/ieselenagarciaarmada\/files\/2021\/10\/WhatsApp-Image-2021-10-24-at-11.40.54-300x169.jpeg 300w, https:\/\/blogsaverroes.juntadeandalucia.es\/ieselenagarciaarmada\/files\/2021\/10\/WhatsApp-Image-2021-10-24-at-11.40.54-1024x576.jpeg 1024w, https:\/\/blogsaverroes.juntadeandalucia.es\/ieselenagarciaarmada\/files\/2021\/10\/WhatsApp-Image-2021-10-24-at-11.40.54-768x432.jpeg 768w, https:\/\/blogsaverroes.juntadeandalucia.es\/ieselenagarciaarmada\/files\/2021\/10\/WhatsApp-Image-2021-10-24-at-11.40.54-1536x864.jpeg 1536w, https:\/\/blogsaverroes.juntadeandalucia.es\/ieselenagarciaarmada\/files\/2021\/10\/WhatsApp-Image-2021-10-24-at-11.40.54.jpeg 1600w\" sizes=\"(max-width: 300px) 100vw, 300px\" \/><\/p>\n<p style=\"text-align: justify\">El tema del segundo d\u00eda es la <strong>Vida<\/strong> (las plantas, los animales&#8230;). Comenzamos el d\u00eda en direcci\u00f3n a Arroyomolinos de la Vera que est\u00e1 a 5kms de Pasar\u00f3n. Realizamos una ruta por los senderos durante una hora y media disfrutando de la monta\u00f1a y la naturaleza. En el pueblo almorzamos y, despu\u00e9s, el alumnado realiz\u00f3 un raid fotogr\u00e1fico donde ten\u00edan que buscar los lugares del pueblo que les hab\u00edan presentado en unas fotograf\u00edas. Al volver estuvimos trabajando el cuadernillo para reflexionar todo lo que han experimentado. Una vez terminado, preparamos el juego de las mujeres cient\u00edficas para poder jugar entre todos y todas.<\/p>\n<p>ngg_shortcode_0_placeholderEl tema del tercer d\u00eda es<strong> Los humanos y la salud<\/strong>. Comenzamos el d\u00eda con una charla sobre el cuerpo humano y los diferentes \u00f3rganos que lo componen. Luego, hicieron una actividad donde ten\u00edan que localizar las partes del cuerpo que estaban escondidas alrededor del campamento.<\/p>\n<p>La hora de los m\u00f3viles la festejan como si fueran los Reyes Magos:<\/p>\n<div style=\"width: 848px;\" class=\"wp-video\"><!--[if lt IE 9]><script>document.createElement('video');<\/script><![endif]-->\n<video class=\"wp-video-shortcode\" id=\"video-3560-1\" width=\"848\" height=\"480\" preload=\"metadata\" controls=\"controls\"><source type=\"video\/mp4\" src=\"https:\/\/blogsaverroes.juntadeandalucia.es\/ieselenagarciaarmada\/files\/2021\/10\/WhatsApp-Video-2021-10-26-at-16.00.56.mp4?_=1\" \/><a href=\"https:\/\/blogsaverroes.juntadeandalucia.es\/ieselenagarciaarmada\/files\/2021\/10\/WhatsApp-Video-2021-10-26-at-16.00.56.mp4\">https:\/\/blogsaverroes.juntadeandalucia.es\/ieselenagarciaarmada\/files\/2021\/10\/WhatsApp-Video-2021-10-26-at-16.00.56.mp4<\/a><\/video><\/div>\n<p>Al llegar al instituto, nos pusimos a trabajar con el panel el\u00e9ctrico donde deb\u00edan conectar unos cables para poder unir a la cient\u00edfica con su descubrimiento.<\/p>\nngg_shortcode_1_placeholder\n<p style=\"text-align: justify\">El tema del cuarto d\u00eda es <b>Comida y Nutrici\u00f3n<\/b>. Comenzamos el d\u00eda visitando el Museo del Piment\u00f3n en Jara\u00edz De la Vera, donde pudimos ver el origen de esta especia tan valorada en esta zona. A continuaci\u00f3n fuimos a Cuacos de Yuste donde almorzamos y el alumnado realiz\u00f3 un raid fotogr\u00e1fico. Despu\u00e9s de descubrir todos los rincones de este peque\u00f1o pueblo, subimos a ver un cementerio alem\u00e1n. Finalmente nos dirigimos hacia el Monasterio de Yuste donde cogimos el autob\u00fas. Despu\u00e9s de cenar, los monitores montaron una peque\u00f1a discoteca en el sal\u00f3n de actividades.<\/p>\nngg_shortcode_2_placeholder\n<div style=\"width: 848px;\" class=\"wp-video\"><video class=\"wp-video-shortcode\" id=\"video-3560-2\" width=\"848\" height=\"480\" preload=\"metadata\" controls=\"controls\"><source type=\"video\/mp4\" src=\"https:\/\/blogsaverroes.juntadeandalucia.es\/ieselenagarciaarmada\/files\/2021\/10\/IMG_0727.mp4?_=2\" \/><a href=\"https:\/\/blogsaverroes.juntadeandalucia.es\/ieselenagarciaarmada\/files\/2021\/10\/IMG_0727.mp4\">https:\/\/blogsaverroes.juntadeandalucia.es\/ieselenagarciaarmada\/files\/2021\/10\/IMG_0727.mp4<\/a><\/video><\/div>\n<p>&nbsp;<\/p>\n<p>El tema del quinto d\u00eda es <strong>Energ\u00eda y materia<\/strong>. En esta ocasi\u00f3n el alumnado ha hecho una encuesta sobre el uso de la energ\u00eda renovable en Pasar\u00f3n de la Vera donde ten\u00edan que interactuar con los vecinos y las vecinas del pueblo. Por la tarde, el alumnado ten\u00eda que preparar un cohete para evitar que un huevo se partiera en el juego de experimentaci\u00f3n \u201cSalvar al huevo\u201d. En nuestro tiempo, el alumnado pudo terminar los paneles el\u00e9ctricos de las mujeres cient\u00edficas y sus descubrimientos. Para terminar el d\u00eda tuvimos la Pasar\u00f3n Fashion Week donde resultamos ganadores.<\/p>\nngg_shortcode_3_placeholder\n<div style=\"width: 848px;\" class=\"wp-video\"><video class=\"wp-video-shortcode\" id=\"video-3560-3\" width=\"848\" height=\"480\" preload=\"metadata\" controls=\"controls\"><source type=\"video\/mp4\" src=\"https:\/\/blogsaverroes.juntadeandalucia.es\/ieselenagarciaarmada\/files\/2021\/10\/IMG_0727-1.mp4?_=3\" \/><a href=\"https:\/\/blogsaverroes.juntadeandalucia.es\/ieselenagarciaarmada\/files\/2021\/10\/IMG_0727-1.mp4\">https:\/\/blogsaverroes.juntadeandalucia.es\/ieselenagarciaarmada\/files\/2021\/10\/IMG_0727-1.mp4<\/a><\/video><\/div>\n<p>El tema del sexto d\u00eda es <strong>Primeros pasos de las actividades cient\u00edficas y mujeres importantes<\/strong>. \u00daltimo d\u00eda para pas\u00e1rnoslo genial.<\/p>\n<p>Toca la despedida y muchos y muchas no pueden aguantar las l\u00e1grimas. \u00a1Hasta la siguiente!<\/p>\n<p><img loading=\"lazy\" decoding=\"async\" class=\"size-medium wp-image-3789 aligncenter\" src=\"https:\/\/blogsaverroes.juntadeandalucia.es\/ieselenagarciaarmada\/files\/2021\/10\/53DFC958-7AD2-463D-BF3F-E91D8488AC7D-300x225.jpeg\" alt=\"\" width=\"300\" height=\"225\" srcset=\"https:\/\/blogsaverroes.juntadeandalucia.es\/ieselenagarciaarmada\/files\/2021\/10\/53DFC958-7AD2-463D-BF3F-E91D8488AC7D-300x225.jpeg 300w, https:\/\/blogsaverroes.juntadeandalucia.es\/ieselenagarciaarmada\/files\/2021\/10\/53DFC958-7AD2-463D-BF3F-E91D8488AC7D-1024x768.jpeg 1024w, https:\/\/blogsaverroes.juntadeandalucia.es\/ieselenagarciaarmada\/files\/2021\/10\/53DFC958-7AD2-463D-BF3F-E91D8488AC7D-768x576.jpeg 768w, https:\/\/blogsaverroes.juntadeandalucia.es\/ieselenagarciaarmada\/files\/2021\/10\/53DFC958-7AD2-463D-BF3F-E91D8488AC7D-1536x1152.jpeg 1536w, https:\/\/blogsaverroes.juntadeandalucia.es\/ieselenagarciaarmada\/files\/2021\/10\/53DFC958-7AD2-463D-BF3F-E91D8488AC7D-2048x1536.jpeg 2048w, https:\/\/blogsaverroes.juntadeandalucia.es\/ieselenagarciaarmada\/files\/2021\/10\/53DFC958-7AD2-463D-BF3F-E91D8488AC7D-scaled.jpeg 1600w\" sizes=\"(max-width: 300px) 100vw, 300px\" \/><\/p>\n<p>&nbsp;<\/p>\n<p style=\"text-align: center\">[youtube https:\/\/www.youtube.com\/watch?v=jrXmAHRFFJk]<\/p>\n","protected":false},"excerpt":{"rendered":"<p>El pasado domingo 24 de octubre dos profesoras y el alumnado de 2\u00ba ESO salimos hacia Pasar\u00f3n de la Vera (C\u00e1ceres) para pasar una semana de Inmersi\u00f3n Ling\u00fc\u00edstica con cuatro&#46;&#46;&#46;<\/p>\n","protected":false},"author":10331,"featured_media":0,"comment_status":"open","ping_status":"open","sticky":false,"template":"","format":"standard","meta":{"ngg_post_thumbnail":0,"footnotes":""},"categories":[12185,25504,33096],"tags":[],"aioseo_notices":[],"_links":{"self":[{"href":"https:\/\/blogsaverroes.juntadeandalucia.es\/ieselenagarciaarmada\/wp-json\/wp\/v2\/posts\/3560"}],"collection":[{"href":"https:\/\/blogsaverroes.juntadeandalucia.es\/ieselenagarciaarmada\/wp-json\/wp\/v2\/posts"}],"about":[{"href":"https:\/\/blogsaverroes.juntadeandalucia.es\/ieselenagarciaarmada\/wp-json\/wp\/v2\/types\/post"}],"author":[{"embeddable":true,"href":"https:\/\/blogsaverroes.juntadeandalucia.es\/ieselenagarciaarmada\/wp-json\/wp\/v2\/users\/10331"}],"replies":[{"embeddable":true,"href":"https:\/\/blogsaverroes.juntadeandalucia.es\/ieselenagarciaarmada\/wp-json\/wp\/v2\/comments?post=3560"}],"version-history":[{"count":41,"href":"https:\/\/blogsaverroes.juntadeandalucia.es\/ieselenagarciaarmada\/wp-json\/wp\/v2\/posts\/3560\/revisions"}],"predecessor-version":[{"id":4644,"href":"https:\/\/blogsaverroes.juntadeandalucia.es\/ieselenagarciaarmada\/wp-json\/wp\/v2\/posts\/3560\/revisions\/4644"}],"wp:attachment":[{"href":"https:\/\/blogsaverroes.juntadeandalucia.es\/ieselenagarciaarmada\/wp-json\/wp\/v2\/media?parent=3560"}],"wp:term":[{"taxonomy":"category","embeddable":true,"href":"https:\/\/blogsaverroes.juntadeandalucia.es\/ieselenagarciaarmada\/wp-json\/wp\/v2\/categories?post=3560"},{"taxonomy":"post_tag","embeddable":true,"href":"https:\/\/blogsaverroes.juntadeandalucia.es\/ieselenagarciaarmada\/wp-json\/wp\/v2\/tags?post=3560"}],"curies":[{"name":"wp","href":"https:\/\/api.w.org\/{rel}","templated":true}]}}