{"id":4227,"date":"2021-12-06T17:56:13","date_gmt":"2021-12-06T17:56:13","guid":{"rendered":"https:\/\/blogsaverroes.juntadeandalucia.es\/ieselenagarciaarmada\/?p=4227"},"modified":"2021-12-06T19:19:35","modified_gmt":"2021-12-06T19:19:35","slug":"el-dia-de-la-constitucion","status":"publish","type":"post","link":"https:\/\/blogsaverroes.juntadeandalucia.es\/ieselenagarciaarmada\/el-dia-de-la-constitucion\/","title":{"rendered":"El D\u00eda de la Constituci\u00f3n"},"content":{"rendered":"<p>El&nbsp;<b>6 de diciembre<\/b>&nbsp;se celebra el&nbsp;<b>D\u00eda<\/b>&nbsp;de la&nbsp;<b>Constituci\u00f3n<\/b>, cuyo objetivo es celebrar la&nbsp;<b>Constituci\u00f3n<\/b>&nbsp;Espa\u00f1ola, que recoge todos los derechos y obligaciones que rigen para todos los ciudadanos de Espa\u00f1a.<\/p>\nngg_shortcode_0_placeholder\n","protected":false},"excerpt":{"rendered":"<p>El&nbsp;6 de diciembre&nbsp;se celebra el&nbsp;D\u00eda&nbsp;de la&nbsp;Constituci\u00f3n, cuyo objetivo es celebrar la&nbsp;Constituci\u00f3n&nbsp;Espa\u00f1ola, que recoge todos los derechos y obligaciones que rigen para todos los ciudadanos de Espa\u00f1a. &nbsp;<\/p>\n","protected":false},"author":10331,"featured_media":0,"comment_status":"open","ping_status":"open","sticky":false,"template":"","format":"standard","meta":{"ngg_post_thumbnail":0,"footnotes":""},"categories":[784,25503],"tags":[2351678],"aioseo_notices":[],"_links":{"self":[{"href":"https:\/\/blogsaverroes.juntadeandalucia.es\/ieselenagarciaarmada\/wp-json\/wp\/v2\/posts\/4227"}],"collection":[{"href":"https:\/\/blogsaverroes.juntadeandalucia.es\/ieselenagarciaarmada\/wp-json\/wp\/v2\/posts"}],"about":[{"href":"https:\/\/blogsaverroes.juntadeandalucia.es\/ieselenagarciaarmada\/wp-json\/wp\/v2\/types\/post"}],"author":[{"embeddable":true,"href":"https:\/\/blogsaverroes.juntadeandalucia.es\/ieselenagarciaarmada\/wp-json\/wp\/v2\/users\/10331"}],"replies":[{"embeddable":true,"href":"https:\/\/blogsaverroes.juntadeandalucia.es\/ieselenagarciaarmada\/wp-json\/wp\/v2\/comments?post=4227"}],"version-history":[{"count":1,"href":"https:\/\/blogsaverroes.juntadeandalucia.es\/ieselenagarciaarmada\/wp-json\/wp\/v2\/posts\/4227\/revisions"}],"predecessor-version":[{"id":4233,"href":"https:\/\/blogsaverroes.juntadeandalucia.es\/ieselenagarciaarmada\/wp-json\/wp\/v2\/posts\/4227\/revisions\/4233"}],"wp:attachment":[{"href":"https:\/\/blogsaverroes.juntadeandalucia.es\/ieselenagarciaarmada\/wp-json\/wp\/v2\/media?parent=4227"}],"wp:term":[{"taxonomy":"category","embeddable":true,"href":"https:\/\/blogsaverroes.juntadeandalucia.es\/ieselenagarciaarmada\/wp-json\/wp\/v2\/categories?post=4227"},{"taxonomy":"post_tag","embeddable":true,"href":"https:\/\/blogsaverroes.juntadeandalucia.es\/ieselenagarciaarmada\/wp-json\/wp\/v2\/tags?post=4227"}],"curies":[{"name":"wp","href":"https:\/\/api.w.org\/{rel}","templated":true}]}}