{"id":4273,"date":"2021-12-20T18:24:22","date_gmt":"2021-12-20T18:24:22","guid":{"rendered":"https:\/\/blogsaverroes.juntadeandalucia.es\/ieselenagarciaarmada\/?p=4273"},"modified":"2021-12-20T19:05:15","modified_gmt":"2021-12-20T19:05:15","slug":"4273-2","status":"publish","type":"post","link":"https:\/\/blogsaverroes.juntadeandalucia.es\/ieselenagarciaarmada\/4273-2\/","title":{"rendered":"D\u00eda para la Tolerancia"},"content":{"rendered":"<p><img loading=\"lazy\" decoding=\"async\" class=\"size-medium wp-image-4274 aligncenter\" src=\"https:\/\/blogsaverroes.juntadeandalucia.es\/ieselenagarciaarmada\/files\/2021\/12\/tolerancia-300x300.jpeg\" alt=\"\" width=\"300\" height=\"300\" srcset=\"https:\/\/blogsaverroes.juntadeandalucia.es\/ieselenagarciaarmada\/files\/2021\/12\/tolerancia-300x300.jpeg 300w, https:\/\/blogsaverroes.juntadeandalucia.es\/ieselenagarciaarmada\/files\/2021\/12\/tolerancia-150x150.jpeg 150w, https:\/\/blogsaverroes.juntadeandalucia.es\/ieselenagarciaarmada\/files\/2021\/12\/tolerancia-80x80.jpeg 80w, https:\/\/blogsaverroes.juntadeandalucia.es\/ieselenagarciaarmada\/files\/2021\/12\/tolerancia-320x320.jpeg 320w, https:\/\/blogsaverroes.juntadeandalucia.es\/ieselenagarciaarmada\/files\/2021\/12\/tolerancia.jpeg 750w\" sizes=\"(max-width: 300px) 100vw, 300px\" \/><\/p>\n<p>&nbsp;<\/p>\n<p>D\u00eda 16 de Diciembre es el d\u00eda para la Tolerancia (ONU), por ello, desde el IES Elena Garc\u00eda Armada, queremos hacer un llamamiento a conocer y respetar qu\u00e9 es la tolerancia.<\/p>\n<p>Miguel Giusti, profesor de universidad, explica qu\u00e9 es la Tolerancia en este <a href=\"https:\/\/www.youtube.com\/watch?v=-6m4gO84r_c\" target=\"_blank\" rel=\"noopener noreferrer\">v\u00eddeo<\/a>.<\/p>\n<p>\u00abLa tolerancia es un acto de humanidad, que debemos alimentar y practicar cada d\u00eda en nuestra propia vida, a fin de celebrar la diversidad que nos hace fuertes y los valores que nos unen\u00bb. \u2014&nbsp;<cite>Directora General de la UNESCO, Audrey Azoulay<\/cite><\/p>\n<p><cite>\u00bfY t\u00fa?\u00bfEst\u00e1s dispuest@ a conocer para respetar a otras identidades? Recuerda: Vivir en paz, pasa por ser tolerantes.<\/cite><\/p>\n<p>Tambi\u00e9n hay un corto interesante:&nbsp;<a href=\"https:\/\/www.youtube.com\/watch?v=u72hQHxbNBQ\" target=\"_blank\" rel=\"noopener noreferrer\">LOSERS<\/a><\/p>\n","protected":false},"excerpt":{"rendered":"<p>&nbsp; D\u00eda 16 de Diciembre es el d\u00eda para la Tolerancia (ONU), por ello, desde el IES Elena Garc\u00eda Armada, queremos hacer un llamamiento a conocer y respetar qu\u00e9 es&#46;&#46;&#46;<\/p>\n","protected":false},"author":10331,"featured_media":0,"comment_status":"open","ping_status":"open","sticky":false,"template":"","format":"standard","meta":{"ngg_post_thumbnail":0,"footnotes":""},"categories":[2351701],"tags":[],"aioseo_notices":[],"_links":{"self":[{"href":"https:\/\/blogsaverroes.juntadeandalucia.es\/ieselenagarciaarmada\/wp-json\/wp\/v2\/posts\/4273"}],"collection":[{"href":"https:\/\/blogsaverroes.juntadeandalucia.es\/ieselenagarciaarmada\/wp-json\/wp\/v2\/posts"}],"about":[{"href":"https:\/\/blogsaverroes.juntadeandalucia.es\/ieselenagarciaarmada\/wp-json\/wp\/v2\/types\/post"}],"author":[{"embeddable":true,"href":"https:\/\/blogsaverroes.juntadeandalucia.es\/ieselenagarciaarmada\/wp-json\/wp\/v2\/users\/10331"}],"replies":[{"embeddable":true,"href":"https:\/\/blogsaverroes.juntadeandalucia.es\/ieselenagarciaarmada\/wp-json\/wp\/v2\/comments?post=4273"}],"version-history":[{"count":2,"href":"https:\/\/blogsaverroes.juntadeandalucia.es\/ieselenagarciaarmada\/wp-json\/wp\/v2\/posts\/4273\/revisions"}],"predecessor-version":[{"id":4276,"href":"https:\/\/blogsaverroes.juntadeandalucia.es\/ieselenagarciaarmada\/wp-json\/wp\/v2\/posts\/4273\/revisions\/4276"}],"wp:attachment":[{"href":"https:\/\/blogsaverroes.juntadeandalucia.es\/ieselenagarciaarmada\/wp-json\/wp\/v2\/media?parent=4273"}],"wp:term":[{"taxonomy":"category","embeddable":true,"href":"https:\/\/blogsaverroes.juntadeandalucia.es\/ieselenagarciaarmada\/wp-json\/wp\/v2\/categories?post=4273"},{"taxonomy":"post_tag","embeddable":true,"href":"https:\/\/blogsaverroes.juntadeandalucia.es\/ieselenagarciaarmada\/wp-json\/wp\/v2\/tags?post=4273"}],"curies":[{"name":"wp","href":"https:\/\/api.w.org\/{rel}","templated":true}]}}