{"id":4791,"date":"2022-04-13T10:51:44","date_gmt":"2022-04-13T10:51:44","guid":{"rendered":"https:\/\/blogsaverroes.juntadeandalucia.es\/ieselenagarciaarmada\/?p=4791"},"modified":"2022-04-13T10:52:13","modified_gmt":"2022-04-13T10:52:13","slug":"concurso-logo-del-instituto","status":"publish","type":"post","link":"https:\/\/blogsaverroes.juntadeandalucia.es\/ieselenagarciaarmada\/concurso-logo-del-instituto\/","title":{"rendered":"Concurso Logo del instituto"},"content":{"rendered":"<p style=\"text-align: justify\">BASES DEL CONCURSO PARA DISE\u00d1AR EL LOGOTIPO DEL IES ELENA GARC\u00cdA ARMADA<\/p>\n<p style=\"text-align: justify\">1.- OBJETIVO.<\/p>\n<p style=\"text-align: justify\">Dise\u00f1o de un logotipo del IES Elena Garc\u00eda Armada (Jerez de la Frontera) que contribuya, junto con la reciente denominaci\u00f3n del centro, a sus se\u00f1as de identidad.<\/p>\n<p style=\"text-align: justify\">2.- REQUISITOS.<\/p>\n<p style=\"text-align: justify\">El logotipo partir\u00e1 de los 3 que fueron seleccionados en el anterior concurso. La t\u00e9cnica ser\u00e1 libre, teniendo en cuenta que el logotipo habr\u00e1 de ser reproducido posteriormente en distintos soportes tecnol\u00f3gicos y materiales. Se adjuntan los tres dise\u00f1os preseleccionados que servir\u00e1n de base para el logo final.<\/p>\n<p><img loading=\"lazy\" decoding=\"async\" class=\"alignnone wp-image-4793\" src=\"https:\/\/blogsaverroes.juntadeandalucia.es\/ieselenagarciaarmada\/files\/2022\/04\/Captura-de-pantalla-2022-04-13-a-las-12.48.05-300x199.png\" alt=\"\" width=\"203\" height=\"135\" srcset=\"https:\/\/blogsaverroes.juntadeandalucia.es\/ieselenagarciaarmada\/files\/2022\/04\/Captura-de-pantalla-2022-04-13-a-las-12.48.05-300x199.png 300w, https:\/\/blogsaverroes.juntadeandalucia.es\/ieselenagarciaarmada\/files\/2022\/04\/Captura-de-pantalla-2022-04-13-a-las-12.48.05-768x511.png 768w, https:\/\/blogsaverroes.juntadeandalucia.es\/ieselenagarciaarmada\/files\/2022\/04\/Captura-de-pantalla-2022-04-13-a-las-12.48.05.png 782w\" sizes=\"(max-width: 203px) 100vw, 203px\" \/> &nbsp;<img loading=\"lazy\" decoding=\"async\" class=\"alignnone wp-image-4794\" src=\"https:\/\/blogsaverroes.juntadeandalucia.es\/ieselenagarciaarmada\/files\/2022\/04\/Captura-de-pantalla-2022-04-13-a-las-12.48.12-300x187.png\" alt=\"\" width=\"215\" height=\"134\" srcset=\"https:\/\/blogsaverroes.juntadeandalucia.es\/ieselenagarciaarmada\/files\/2022\/04\/Captura-de-pantalla-2022-04-13-a-las-12.48.12-300x187.png 300w, https:\/\/blogsaverroes.juntadeandalucia.es\/ieselenagarciaarmada\/files\/2022\/04\/Captura-de-pantalla-2022-04-13-a-las-12.48.12-768x479.png 768w, https:\/\/blogsaverroes.juntadeandalucia.es\/ieselenagarciaarmada\/files\/2022\/04\/Captura-de-pantalla-2022-04-13-a-las-12.48.12.png 840w\" sizes=\"(max-width: 215px) 100vw, 215px\" \/> &nbsp;<img loading=\"lazy\" decoding=\"async\" class=\"alignnone wp-image-4795\" src=\"https:\/\/blogsaverroes.juntadeandalucia.es\/ieselenagarciaarmada\/files\/2022\/04\/Captura-de-pantalla-2022-04-13-a-las-12.48.18-300x194.png\" alt=\"\" width=\"203\" height=\"131\" srcset=\"https:\/\/blogsaverroes.juntadeandalucia.es\/ieselenagarciaarmada\/files\/2022\/04\/Captura-de-pantalla-2022-04-13-a-las-12.48.18-300x194.png 300w, https:\/\/blogsaverroes.juntadeandalucia.es\/ieselenagarciaarmada\/files\/2022\/04\/Captura-de-pantalla-2022-04-13-a-las-12.48.18-768x496.png 768w, https:\/\/blogsaverroes.juntadeandalucia.es\/ieselenagarciaarmada\/files\/2022\/04\/Captura-de-pantalla-2022-04-13-a-las-12.48.18.png 780w\" sizes=\"(max-width: 203px) 100vw, 203px\" \/><\/p>\n<p style=\"text-align: justify\">3.- PARTICIPANTES.<\/p>\n<p style=\"text-align: justify\">La participaci\u00f3n podr\u00e1 realizarse por una de las dos siguientes modalidades:<\/p>\n<ul style=\"list-style-type: disc;text-align: justify\">\n<li>Modalidad A) Estudiantes que est\u00e9n matriculados en las materias de TIC, ya que el dise\u00f1o del logo del IES se desarrollar\u00e1 como una actividad evaluable, donde el profesorado informar\u00e1 al alumnado de los criterios de evaluaci\u00f3n que se desarrollar\u00edan en esta tarea y sus pesos asociados.<\/li>\n<li>Modalidad B) Todos los estudiantes y\/o docentes del instituto durante el curso 2021-2022. Los que participan en la modalidad A pueden tambi\u00e9n participar en esta modalidad, por lo que tendr\u00e1n la posibilidad de presentar dos dise\u00f1os.<\/li>\n<\/ul>\n<p style=\"text-align: justify\">4.- PLAZO DE PRESENTACI\u00d3N.<\/p>\n<p style=\"text-align: justify\">Tanto para la modalidad A como la B el logotipo se realizar\u00e1 durante el mes abril y mayo, por lo que el plazo de admisi\u00f3n de logotipos estar\u00e1 abierto <strong>desde las 10:00 horas del 8 de abril de 2022 hasta las 12:00 horas del 30 de mayo de 2022<\/strong>.<\/p>\n<p style=\"text-align: justify\">5.- LUGAR Y FORMA DE PRESENTACI\u00d3N.<\/p>\n<p style=\"text-align: justify\">Para la modalidad A, se encargar\u00e1 de recogerlo el profesorado de la materia TIC, adjuntando junto con el dise\u00f1o del logo una peque\u00f1a memoria explicativa del mismo.<\/p>\n<p style=\"text-align: justify\">Para la modalidad B, los originales deber\u00e1n presentarse en la Secretar\u00eda del centro en horario de 10 a 12h, en un sobre cerrado con los datos que identifiquen al autor o autora del dise\u00f1o (nombre, apellidos y curso) y con la frase \u201cConcurso Logotipo IES Elena Garc\u00eda Armada\u201d. En el interior del sobre se incluir\u00e1:<\/p>\n<p style=\"text-align: justify\">\u2022 Formato impreso: el logotipo deber\u00e1 presentarse en color.<\/p>\n<p style=\"text-align: justify\">\u2022 Formato electr\u00f3nico: se utilizar\u00e1 para ello CD o DVD. Los archivos deber\u00e1n venir en formato .jpg o .pdf a todo color y blanco y negro, se recomienda la mayor resoluci\u00f3n posible.<\/p>\n<p style=\"text-align: justify\">\u2022 Las propuestas deber\u00e1n acompa\u00f1arse con la memoria del logotipo, en m\u00e1ximo de una p\u00e1gina, que deber\u00e1 incluir aquellos elementos que, a juicio del creador, expliquen la obra.<\/p>\n<p style=\"text-align: justify\">\u2022 Las propuestas que no cumplan con las especificaciones se\u00f1aladas en esta Convocatoria no ser\u00e1n aceptadas.<\/p>\n<p style=\"text-align: justify\">Por protocolo covid, el logotipo y la dem\u00e1s informaci\u00f3n arriba rese\u00f1ada se puede enviar en formato .jpg o .pdf a la siguiente direcci\u00f3n de correo electr\u00f3nico:<\/p>\n<p style=\"text-align: center\">11012267.dimetunombre.edu@juntadeandalucia.es<\/p>\n<p style=\"text-align: justify\">Todos los trabajos seleccionados ser\u00e1n expuestos en las dependencias del centro una vez que el jurado haya realizado su valoraci\u00f3n.<\/p>\n<p style=\"text-align: justify\">6.- JURADO.<\/p>\n<p style=\"text-align: justify\">El jurado estar\u00e1 compuesto por el Equipo Directivo, miembros del Departamento de Art\u00edstica y STEAM. Ning\u00fan miembro del jurado podr\u00e1 participar en el concurso.<\/p>\n<p style=\"text-align: justify\">7.- DECISI\u00d3N DEL JURADO.<\/p>\n<p style=\"text-align: justify\">El jurado tomar\u00e1 la decisi\u00f3n la primera semana de Junio de 2022, adopt\u00e1ndose la decisi\u00f3n por mayor\u00eda simple de los votos si no hubiera unanimidad y fuese necesario recurrir a la votaci\u00f3n. El Jurado podr\u00e1 declarar desierto el concurso si as\u00ed lo considera oportuno. La decisi\u00f3n del jurado ser\u00e1 inapelable.<\/p>\n<p style=\"text-align: justify\">8.- PROPIEDAD INTELECTUAL.<\/p>\n<p style=\"text-align: justify\">El logotipo ganador del concurso quedar\u00e1 en propiedad exclusiva y permanente del instituto, que podr\u00e1 usarlo total o parcialmente y modificarlo en el momento y la forma en que lo considere oportuno. Adem\u00e1s, el logotipo ganador del concurso no devengar\u00e1 ning\u00fan tipo de derechos de autor o de autora.<\/p>\n<p style=\"text-align: justify\">9.- PUBLICACI\u00d3N DEL RESULTADO.<\/p>\n<p style=\"text-align: justify\">El centro publicar\u00e1 la decisi\u00f3n del jurado, as\u00ed como el logotipo ganador, a trav\u00e9s de la web oficial del instituto y de sus redes sociales.<\/p>\n<p style=\"text-align: justify\">10.- PREMIOS. A los tres mejores logos se les dotar\u00e1 de un premio consistente en un lote de materiales de dibujo.<\/p>\n<p style=\"text-align: justify\">11.- ACEPTACI\u00d3N DE LAS BASES.<\/p>\n<p style=\"text-align: justify\">La participaci\u00f3n en el concurso supone la aceptaci\u00f3n de todas las bases del mismo.<\/p>\n<p style=\"text-align: justify\">En Jerez de la Frontera, a 6 de Abril de 2022 Departamento STEAM<\/p>\n<p><a href=\"https:\/\/blogsaverroes.juntadeandalucia.es\/ieselenagarciaarmada\/files\/2022\/04\/Concurso-LOGO.odt.pdf\" target=\"_blank\" rel=\"noopener noreferrer\">Bases en PDF<\/a><\/p>\n","protected":false},"excerpt":{"rendered":"<p>BASES DEL CONCURSO PARA DISE\u00d1AR EL LOGOTIPO DEL IES ELENA GARC\u00cdA ARMADA 1.- OBJETIVO. Dise\u00f1o de un logotipo del IES Elena Garc\u00eda Armada (Jerez de la Frontera) que contribuya, junto&#46;&#46;&#46;<\/p>\n","protected":false},"author":10331,"featured_media":0,"comment_status":"open","ping_status":"open","sticky":false,"template":"","format":"standard","meta":{"ngg_post_thumbnail":0,"footnotes":""},"categories":[25493,2351721,768,5670,1761],"tags":[],"aioseo_notices":[],"_links":{"self":[{"href":"https:\/\/blogsaverroes.juntadeandalucia.es\/ieselenagarciaarmada\/wp-json\/wp\/v2\/posts\/4791"}],"collection":[{"href":"https:\/\/blogsaverroes.juntadeandalucia.es\/ieselenagarciaarmada\/wp-json\/wp\/v2\/posts"}],"about":[{"href":"https:\/\/blogsaverroes.juntadeandalucia.es\/ieselenagarciaarmada\/wp-json\/wp\/v2\/types\/post"}],"author":[{"embeddable":true,"href":"https:\/\/blogsaverroes.juntadeandalucia.es\/ieselenagarciaarmada\/wp-json\/wp\/v2\/users\/10331"}],"replies":[{"embeddable":true,"href":"https:\/\/blogsaverroes.juntadeandalucia.es\/ieselenagarciaarmada\/wp-json\/wp\/v2\/comments?post=4791"}],"version-history":[{"count":2,"href":"https:\/\/blogsaverroes.juntadeandalucia.es\/ieselenagarciaarmada\/wp-json\/wp\/v2\/posts\/4791\/revisions"}],"predecessor-version":[{"id":4797,"href":"https:\/\/blogsaverroes.juntadeandalucia.es\/ieselenagarciaarmada\/wp-json\/wp\/v2\/posts\/4791\/revisions\/4797"}],"wp:attachment":[{"href":"https:\/\/blogsaverroes.juntadeandalucia.es\/ieselenagarciaarmada\/wp-json\/wp\/v2\/media?parent=4791"}],"wp:term":[{"taxonomy":"category","embeddable":true,"href":"https:\/\/blogsaverroes.juntadeandalucia.es\/ieselenagarciaarmada\/wp-json\/wp\/v2\/categories?post=4791"},{"taxonomy":"post_tag","embeddable":true,"href":"https:\/\/blogsaverroes.juntadeandalucia.es\/ieselenagarciaarmada\/wp-json\/wp\/v2\/tags?post=4791"}],"curies":[{"name":"wp","href":"https:\/\/api.w.org\/{rel}","templated":true}]}}