{"id":4838,"date":"2022-05-03T16:40:18","date_gmt":"2022-05-03T16:40:18","guid":{"rendered":"https:\/\/blogsaverroes.juntadeandalucia.es\/ieselenagarciaarmada\/?p=4838"},"modified":"2022-06-08T17:16:29","modified_gmt":"2022-06-08T17:16:29","slug":"4838-2","status":"publish","type":"post","link":"https:\/\/blogsaverroes.juntadeandalucia.es\/ieselenagarciaarmada\/4838-2\/","title":{"rendered":"X Feria de la Ciencia en la Calle de Jerez"},"content":{"rendered":"<p>Hace unos d\u00edas se inaugur\u00f3 la X Feria de la Ciencia en la Calle de Jerez.<\/p>\n<p>Puedes verla a trav\u00e9s del sitio web para que puedas hacer las visitas virtuales:<\/p>\n<p><a href=\"https:\/\/virtual.feriadelacienciacepjerez.es\/es\" target=\"_blank\" rel=\"noopener noreferrer\">Feria de la Ciencia en la Calle<\/a><\/p>\n<p>Nuestro centro est\u00e1 en el Pabell\u00f3n: centros 1 donde nuestro alumnado presenta sus experiencias:<\/p>\n<p><a href=\"https:\/\/virtual.feriadelacienciacepjerez.es\/es\/stand\/ies-elena-garcia-armada\/374\" target=\"_blank\" rel=\"noopener noreferrer\">IES Elena Garc\u00eda Armada en la Feria de la Ciencia<\/a><\/p>\n","protected":false},"excerpt":{"rendered":"<p>Hace unos d\u00edas se inaugur\u00f3 la X Feria de la Ciencia en la Calle de Jerez. Puedes verla a trav\u00e9s del sitio web para que puedas hacer las visitas virtuales:&#46;&#46;&#46;<\/p>\n","protected":false},"author":10331,"featured_media":0,"comment_status":"open","ping_status":"open","sticky":false,"template":"","format":"standard","meta":{"ngg_post_thumbnail":0,"footnotes":""},"categories":[784,562,25512,768,1571,1761],"tags":[2351738],"aioseo_notices":[],"_links":{"self":[{"href":"https:\/\/blogsaverroes.juntadeandalucia.es\/ieselenagarciaarmada\/wp-json\/wp\/v2\/posts\/4838"}],"collection":[{"href":"https:\/\/blogsaverroes.juntadeandalucia.es\/ieselenagarciaarmada\/wp-json\/wp\/v2\/posts"}],"about":[{"href":"https:\/\/blogsaverroes.juntadeandalucia.es\/ieselenagarciaarmada\/wp-json\/wp\/v2\/types\/post"}],"author":[{"embeddable":true,"href":"https:\/\/blogsaverroes.juntadeandalucia.es\/ieselenagarciaarmada\/wp-json\/wp\/v2\/users\/10331"}],"replies":[{"embeddable":true,"href":"https:\/\/blogsaverroes.juntadeandalucia.es\/ieselenagarciaarmada\/wp-json\/wp\/v2\/comments?post=4838"}],"version-history":[{"count":2,"href":"https:\/\/blogsaverroes.juntadeandalucia.es\/ieselenagarciaarmada\/wp-json\/wp\/v2\/posts\/4838\/revisions"}],"predecessor-version":[{"id":4844,"href":"https:\/\/blogsaverroes.juntadeandalucia.es\/ieselenagarciaarmada\/wp-json\/wp\/v2\/posts\/4838\/revisions\/4844"}],"wp:attachment":[{"href":"https:\/\/blogsaverroes.juntadeandalucia.es\/ieselenagarciaarmada\/wp-json\/wp\/v2\/media?parent=4838"}],"wp:term":[{"taxonomy":"category","embeddable":true,"href":"https:\/\/blogsaverroes.juntadeandalucia.es\/ieselenagarciaarmada\/wp-json\/wp\/v2\/categories?post=4838"},{"taxonomy":"post_tag","embeddable":true,"href":"https:\/\/blogsaverroes.juntadeandalucia.es\/ieselenagarciaarmada\/wp-json\/wp\/v2\/tags?post=4838"}],"curies":[{"name":"wp","href":"https:\/\/api.w.org\/{rel}","templated":true}]}}