{"id":6242,"date":"2022-12-21T22:19:32","date_gmt":"2022-12-21T22:19:32","guid":{"rendered":"https:\/\/blogsaverroes.juntadeandalucia.es\/ieselenagarciaarmada\/?p=6242"},"modified":"2022-12-22T19:21:10","modified_gmt":"2022-12-22T19:21:10","slug":"somos-lo-que-comemos","status":"publish","type":"post","link":"https:\/\/blogsaverroes.juntadeandalucia.es\/ieselenagarciaarmada\/somos-lo-que-comemos\/","title":{"rendered":"Somos lo que comemos"},"content":{"rendered":"ngg_shortcode_0_placeholder\n<p style=\"text-align: justify\">Somos lo que comemos.<\/p>\n<p style=\"text-align: justify\">El alumnado de 1\u00ba ESO y el Aula Espec\u00edfica ha presentado diferentes frutas y verduras y las propiedades y beneficios que tienen para la salud. As\u00ed abrimos un espacio de toma de conciencia de la importancia de tener buenos h\u00e1bitos alimenticios frente al exceso de consumo de alimentaci\u00f3n procesada y con exceso de az\u00facares que perjudican enormemente nuestra salud y est\u00e1 provocando un aumento de la obesidad y sus consecuencias a\u00f1adidas entre otros aspectos.<\/p>\n<p style=\"text-align: justify\">En el segundo trimestre pretendemos llevar a la pr\u00e1ctica en el centro el consumo de fruta durante el desayuno creando un espacio para el desayuno saludable. Desde ya, os animamos a venir con fruta para incorporarla a vuestro desayuno.<\/p>\n<p style=\"text-align: justify\">El aula espec\u00edfica ha participado en la actividad presentando sus frutas y en la carteler\u00eda que abre la exposici\u00f3n.<\/p>\n<p style=\"text-align: justify\">Enormemente agradecid@s de poder realizar actividades conjuntamente.<\/p>\n","protected":false},"excerpt":{"rendered":"<p>&nbsp; Somos lo que comemos. El alumnado de 1\u00ba ESO y el Aula Espec\u00edfica ha presentado diferentes frutas y verduras y las propiedades y beneficios que tienen para la salud.&#46;&#46;&#46;<\/p>\n","protected":false},"author":10331,"featured_media":0,"comment_status":"open","ping_status":"open","sticky":false,"template":"","format":"standard","meta":{"ngg_post_thumbnail":0,"footnotes":""},"categories":[784,562,26636,768],"tags":[2351776],"aioseo_notices":[],"_links":{"self":[{"href":"https:\/\/blogsaverroes.juntadeandalucia.es\/ieselenagarciaarmada\/wp-json\/wp\/v2\/posts\/6242"}],"collection":[{"href":"https:\/\/blogsaverroes.juntadeandalucia.es\/ieselenagarciaarmada\/wp-json\/wp\/v2\/posts"}],"about":[{"href":"https:\/\/blogsaverroes.juntadeandalucia.es\/ieselenagarciaarmada\/wp-json\/wp\/v2\/types\/post"}],"author":[{"embeddable":true,"href":"https:\/\/blogsaverroes.juntadeandalucia.es\/ieselenagarciaarmada\/wp-json\/wp\/v2\/users\/10331"}],"replies":[{"embeddable":true,"href":"https:\/\/blogsaverroes.juntadeandalucia.es\/ieselenagarciaarmada\/wp-json\/wp\/v2\/comments?post=6242"}],"version-history":[{"count":2,"href":"https:\/\/blogsaverroes.juntadeandalucia.es\/ieselenagarciaarmada\/wp-json\/wp\/v2\/posts\/6242\/revisions"}],"predecessor-version":[{"id":6282,"href":"https:\/\/blogsaverroes.juntadeandalucia.es\/ieselenagarciaarmada\/wp-json\/wp\/v2\/posts\/6242\/revisions\/6282"}],"wp:attachment":[{"href":"https:\/\/blogsaverroes.juntadeandalucia.es\/ieselenagarciaarmada\/wp-json\/wp\/v2\/media?parent=6242"}],"wp:term":[{"taxonomy":"category","embeddable":true,"href":"https:\/\/blogsaverroes.juntadeandalucia.es\/ieselenagarciaarmada\/wp-json\/wp\/v2\/categories?post=6242"},{"taxonomy":"post_tag","embeddable":true,"href":"https:\/\/blogsaverroes.juntadeandalucia.es\/ieselenagarciaarmada\/wp-json\/wp\/v2\/tags?post=6242"}],"curies":[{"name":"wp","href":"https:\/\/api.w.org\/{rel}","templated":true}]}}