{"id":7561,"date":"2023-10-05T17:10:12","date_gmt":"2023-10-05T17:10:12","guid":{"rendered":"https:\/\/blogsaverroes.juntadeandalucia.es\/ieselenagarciaarmada\/?p=7561"},"modified":"2023-10-05T17:15:52","modified_gmt":"2023-10-05T17:15:52","slug":"video-retotech","status":"publish","type":"post","link":"https:\/\/blogsaverroes.juntadeandalucia.es\/ieselenagarciaarmada\/video-retotech\/","title":{"rendered":"V\u00eddeo Retotech"},"content":{"rendered":"<p><iframe loading=\"lazy\" src=\"\/\/www.youtube.com\/embed\/_IOFKw_nn3s?si=C3_whP-_2nUEmG0z\" width=\"560\" height=\"314\"><\/iframe><\/p>\n<p style=\"text-align: justify\"><span class=\"yt-core-attributed-string--link-inherit-color\">El alumnado, que el curso pasado gan\u00f3 el premio Retotech de la fundaci\u00f3n Endesa en la candidatura Premio Profesor de Secundaria en Andaluc\u00eda, ha preparado este v\u00eddeo para poder participar este a\u00f1o de nuevo. Nuestro alumnado vuelve con muchas ganas e ilusi\u00f3n de repetir la experiencia.<\/span><\/p>\n","protected":false},"excerpt":{"rendered":"<p>El alumnado, que el curso pasado gan\u00f3 el premio Retotech de la fundaci\u00f3n Endesa en la candidatura Premio Profesor de Secundaria en Andaluc\u00eda, ha preparado este v\u00eddeo para poder participar&#46;&#46;&#46;<\/p>\n","protected":false},"author":10331,"featured_media":0,"comment_status":"open","ping_status":"open","sticky":false,"template":"","format":"standard","meta":{"ngg_post_thumbnail":0,"footnotes":""},"categories":[1761],"tags":[2351681],"aioseo_notices":[],"_links":{"self":[{"href":"https:\/\/blogsaverroes.juntadeandalucia.es\/ieselenagarciaarmada\/wp-json\/wp\/v2\/posts\/7561"}],"collection":[{"href":"https:\/\/blogsaverroes.juntadeandalucia.es\/ieselenagarciaarmada\/wp-json\/wp\/v2\/posts"}],"about":[{"href":"https:\/\/blogsaverroes.juntadeandalucia.es\/ieselenagarciaarmada\/wp-json\/wp\/v2\/types\/post"}],"author":[{"embeddable":true,"href":"https:\/\/blogsaverroes.juntadeandalucia.es\/ieselenagarciaarmada\/wp-json\/wp\/v2\/users\/10331"}],"replies":[{"embeddable":true,"href":"https:\/\/blogsaverroes.juntadeandalucia.es\/ieselenagarciaarmada\/wp-json\/wp\/v2\/comments?post=7561"}],"version-history":[{"count":3,"href":"https:\/\/blogsaverroes.juntadeandalucia.es\/ieselenagarciaarmada\/wp-json\/wp\/v2\/posts\/7561\/revisions"}],"predecessor-version":[{"id":7563,"href":"https:\/\/blogsaverroes.juntadeandalucia.es\/ieselenagarciaarmada\/wp-json\/wp\/v2\/posts\/7561\/revisions\/7563"}],"wp:attachment":[{"href":"https:\/\/blogsaverroes.juntadeandalucia.es\/ieselenagarciaarmada\/wp-json\/wp\/v2\/media?parent=7561"}],"wp:term":[{"taxonomy":"category","embeddable":true,"href":"https:\/\/blogsaverroes.juntadeandalucia.es\/ieselenagarciaarmada\/wp-json\/wp\/v2\/categories?post=7561"},{"taxonomy":"post_tag","embeddable":true,"href":"https:\/\/blogsaverroes.juntadeandalucia.es\/ieselenagarciaarmada\/wp-json\/wp\/v2\/tags?post=7561"}],"curies":[{"name":"wp","href":"https:\/\/api.w.org\/{rel}","templated":true}]}}