{"id":7737,"date":"2024-02-23T12:26:41","date_gmt":"2024-02-23T12:26:41","guid":{"rendered":"https:\/\/blogsaverroes.juntadeandalucia.es\/ieselenagarciaarmada\/?p=7737"},"modified":"2024-02-23T12:35:40","modified_gmt":"2024-02-23T12:35:40","slug":"andalucia-en-el-mapa","status":"publish","type":"post","link":"https:\/\/blogsaverroes.juntadeandalucia.es\/ieselenagarciaarmada\/andalucia-en-el-mapa\/","title":{"rendered":"Andaluc\u00eda en el Mapa"},"content":{"rendered":"<p>El alumnado de 1\u00ba ESO ha creado varios trabajos sobre Andaluc\u00eda que est\u00e1n vinculados con varios QRs:<\/p>\n<p>Almer\u00eda<\/p>\n<p>C\u00e1diz<\/p>\n<p><img loading=\"lazy\" decoding=\"async\" class=\"alignnone size-medium wp-image-7738\" src=\"https:\/\/blogsaverroes.juntadeandalucia.es\/ieselenagarciaarmada\/files\/2024\/02\/Guillermo-Agar-Manual-Rgez-Leo-Mun\u0303oz-Alejandra-Glez-290x300.jpg\" alt=\"\" width=\"290\" height=\"300\" srcset=\"https:\/\/blogsaverroes.juntadeandalucia.es\/ieselenagarciaarmada\/files\/2024\/02\/Guillermo-Agar-Manual-Rgez-Leo-Mun\u0303oz-Alejandra-Glez-290x300.jpg 290w, https:\/\/blogsaverroes.juntadeandalucia.es\/ieselenagarciaarmada\/files\/2024\/02\/Guillermo-Agar-Manual-Rgez-Leo-Mun\u0303oz-Alejandra-Glez-990x1024.jpg 990w, https:\/\/blogsaverroes.juntadeandalucia.es\/ieselenagarciaarmada\/files\/2024\/02\/Guillermo-Agar-Manual-Rgez-Leo-Mun\u0303oz-Alejandra-Glez-768x794.jpg 768w, https:\/\/blogsaverroes.juntadeandalucia.es\/ieselenagarciaarmada\/files\/2024\/02\/Guillermo-Agar-Manual-Rgez-Leo-Mun\u0303oz-Alejandra-Glez-1486x1536.jpg 1486w, https:\/\/blogsaverroes.juntadeandalucia.es\/ieselenagarciaarmada\/files\/2024\/02\/Guillermo-Agar-Manual-Rgez-Leo-Mun\u0303oz-Alejandra-Glez.jpg 1548w\" sizes=\"(max-width: 290px) 100vw, 290px\" \/><\/p>\n<p>Granada<\/p>\n<p><img loading=\"lazy\" decoding=\"async\" class=\"alignnone size-medium wp-image-7741\" src=\"https:\/\/blogsaverroes.juntadeandalucia.es\/ieselenagarciaarmada\/files\/2024\/02\/Juan-Pedro-Leiva-Daniela-Sa\u0301nchez-Saray-Verde-Jordan-Puerto-300x194.jpg\" alt=\"\" width=\"300\" height=\"194\" srcset=\"https:\/\/blogsaverroes.juntadeandalucia.es\/ieselenagarciaarmada\/files\/2024\/02\/Juan-Pedro-Leiva-Daniela-Sa\u0301nchez-Saray-Verde-Jordan-Puerto-300x194.jpg 300w, https:\/\/blogsaverroes.juntadeandalucia.es\/ieselenagarciaarmada\/files\/2024\/02\/Juan-Pedro-Leiva-Daniela-Sa\u0301nchez-Saray-Verde-Jordan-Puerto-1024x664.jpg 1024w, https:\/\/blogsaverroes.juntadeandalucia.es\/ieselenagarciaarmada\/files\/2024\/02\/Juan-Pedro-Leiva-Daniela-Sa\u0301nchez-Saray-Verde-Jordan-Puerto-768x498.jpg 768w, https:\/\/blogsaverroes.juntadeandalucia.es\/ieselenagarciaarmada\/files\/2024\/02\/Juan-Pedro-Leiva-Daniela-Sa\u0301nchez-Saray-Verde-Jordan-Puerto-1536x995.jpg 1536w, https:\/\/blogsaverroes.juntadeandalucia.es\/ieselenagarciaarmada\/files\/2024\/02\/Juan-Pedro-Leiva-Daniela-Sa\u0301nchez-Saray-Verde-Jordan-Puerto-2048x1327.jpg 2048w, https:\/\/blogsaverroes.juntadeandalucia.es\/ieselenagarciaarmada\/files\/2024\/02\/Juan-Pedro-Leiva-Daniela-Sa\u0301nchez-Saray-Verde-Jordan-Puerto-scaled.jpg 1600w\" sizes=\"(max-width: 300px) 100vw, 300px\" \/><\/p>\n<div style=\"width: 1072px;\" class=\"wp-video\"><!--[if lt IE 9]><script>document.createElement('video');<\/script><![endif]-->\n<video class=\"wp-video-shortcode\" id=\"video-7737-1\" width=\"1072\" height=\"1072\" preload=\"metadata\" controls=\"controls\"><source type=\"video\/mp4\" src=\"https:\/\/blogsaverroes.juntadeandalucia.es\/ieselenagarciaarmada\/files\/2024\/02\/Trabajo-de-Jae\u0301n-Juan-jose-Jose\u0301-y-nico.mp4?_=1\" \/><a href=\"https:\/\/blogsaverroes.juntadeandalucia.es\/ieselenagarciaarmada\/files\/2024\/02\/Trabajo-de-Jae\u0301n-Juan-jose-Jose\u0301-y-nico.mp4\">https:\/\/blogsaverroes.juntadeandalucia.es\/ieselenagarciaarmada\/files\/2024\/02\/Trabajo-de-Jae\u0301n-Juan-jose-Jose\u0301-y-nico.mp4<\/a><\/video><\/div>\n<p><img loading=\"lazy\" decoding=\"async\" class=\"alignnone size-medium wp-image-7745\" src=\"https:\/\/blogsaverroes.juntadeandalucia.es\/ieselenagarciaarmada\/files\/2024\/02\/WhatsApp-Image-2024-02-22-at-17.45.16-300x225.jpeg\" alt=\"\" width=\"300\" height=\"225\" srcset=\"https:\/\/blogsaverroes.juntadeandalucia.es\/ieselenagarciaarmada\/files\/2024\/02\/WhatsApp-Image-2024-02-22-at-17.45.16-300x225.jpeg 300w, https:\/\/blogsaverroes.juntadeandalucia.es\/ieselenagarciaarmada\/files\/2024\/02\/WhatsApp-Image-2024-02-22-at-17.45.16-1024x768.jpeg 1024w, https:\/\/blogsaverroes.juntadeandalucia.es\/ieselenagarciaarmada\/files\/2024\/02\/WhatsApp-Image-2024-02-22-at-17.45.16-768x576.jpeg 768w, https:\/\/blogsaverroes.juntadeandalucia.es\/ieselenagarciaarmada\/files\/2024\/02\/WhatsApp-Image-2024-02-22-at-17.45.16-1536x1152.jpeg 1536w, https:\/\/blogsaverroes.juntadeandalucia.es\/ieselenagarciaarmada\/files\/2024\/02\/WhatsApp-Image-2024-02-22-at-17.45.16-rotated.jpeg 1600w\" sizes=\"(max-width: 300px) 100vw, 300px\" \/><\/p>\n<p><img loading=\"lazy\" decoding=\"async\" class=\"alignnone size-medium wp-image-7744\" src=\"https:\/\/blogsaverroes.juntadeandalucia.es\/ieselenagarciaarmada\/files\/2024\/02\/Raquel-Di\u0301az-Paola-Grimaldi-Claudia-Go\u0301mez-Yasmina-Garci\u0301a-300x238.jpg\" alt=\"\" width=\"300\" height=\"238\" srcset=\"https:\/\/blogsaverroes.juntadeandalucia.es\/ieselenagarciaarmada\/files\/2024\/02\/Raquel-Di\u0301az-Paola-Grimaldi-Claudia-Go\u0301mez-Yasmina-Garci\u0301a-300x238.jpg 300w, https:\/\/blogsaverroes.juntadeandalucia.es\/ieselenagarciaarmada\/files\/2024\/02\/Raquel-Di\u0301az-Paola-Grimaldi-Claudia-Go\u0301mez-Yasmina-Garci\u0301a-1024x811.jpg 1024w, https:\/\/blogsaverroes.juntadeandalucia.es\/ieselenagarciaarmada\/files\/2024\/02\/Raquel-Di\u0301az-Paola-Grimaldi-Claudia-Go\u0301mez-Yasmina-Garci\u0301a-768x608.jpg 768w, https:\/\/blogsaverroes.juntadeandalucia.es\/ieselenagarciaarmada\/files\/2024\/02\/Raquel-Di\u0301az-Paola-Grimaldi-Claudia-Go\u0301mez-Yasmina-Garci\u0301a-1536x1217.jpg 1536w, https:\/\/blogsaverroes.juntadeandalucia.es\/ieselenagarciaarmada\/files\/2024\/02\/Raquel-Di\u0301az-Paola-Grimaldi-Claudia-Go\u0301mez-Yasmina-Garci\u0301a-2048x1623.jpg 2048w, https:\/\/blogsaverroes.juntadeandalucia.es\/ieselenagarciaarmada\/files\/2024\/02\/Raquel-Di\u0301az-Paola-Grimaldi-Claudia-Go\u0301mez-Yasmina-Garci\u0301a.jpg 1600w\" sizes=\"(max-width: 300px) 100vw, 300px\" \/><\/p>\n","protected":false},"excerpt":{"rendered":"<p>El alumnado de 1\u00ba ESO ha creado varios trabajos sobre Andaluc\u00eda que est\u00e1n vinculados con varios QRs: Almer\u00eda C\u00e1diz Granada<\/p>\n","protected":false},"author":10331,"featured_media":0,"comment_status":"open","ping_status":"open","sticky":false,"template":"","format":"standard","meta":{"ngg_post_thumbnail":0,"footnotes":""},"categories":[784,25503],"tags":[],"aioseo_notices":[],"_links":{"self":[{"href":"https:\/\/blogsaverroes.juntadeandalucia.es\/ieselenagarciaarmada\/wp-json\/wp\/v2\/posts\/7737"}],"collection":[{"href":"https:\/\/blogsaverroes.juntadeandalucia.es\/ieselenagarciaarmada\/wp-json\/wp\/v2\/posts"}],"about":[{"href":"https:\/\/blogsaverroes.juntadeandalucia.es\/ieselenagarciaarmada\/wp-json\/wp\/v2\/types\/post"}],"author":[{"embeddable":true,"href":"https:\/\/blogsaverroes.juntadeandalucia.es\/ieselenagarciaarmada\/wp-json\/wp\/v2\/users\/10331"}],"replies":[{"embeddable":true,"href":"https:\/\/blogsaverroes.juntadeandalucia.es\/ieselenagarciaarmada\/wp-json\/wp\/v2\/comments?post=7737"}],"version-history":[{"count":4,"href":"https:\/\/blogsaverroes.juntadeandalucia.es\/ieselenagarciaarmada\/wp-json\/wp\/v2\/posts\/7737\/revisions"}],"predecessor-version":[{"id":7747,"href":"https:\/\/blogsaverroes.juntadeandalucia.es\/ieselenagarciaarmada\/wp-json\/wp\/v2\/posts\/7737\/revisions\/7747"}],"wp:attachment":[{"href":"https:\/\/blogsaverroes.juntadeandalucia.es\/ieselenagarciaarmada\/wp-json\/wp\/v2\/media?parent=7737"}],"wp:term":[{"taxonomy":"category","embeddable":true,"href":"https:\/\/blogsaverroes.juntadeandalucia.es\/ieselenagarciaarmada\/wp-json\/wp\/v2\/categories?post=7737"},{"taxonomy":"post_tag","embeddable":true,"href":"https:\/\/blogsaverroes.juntadeandalucia.es\/ieselenagarciaarmada\/wp-json\/wp\/v2\/tags?post=7737"}],"curies":[{"name":"wp","href":"https:\/\/api.w.org\/{rel}","templated":true}]}}