{"id":8129,"date":"2024-06-17T14:59:01","date_gmt":"2024-06-17T14:59:01","guid":{"rendered":"https:\/\/blogsaverroes.juntadeandalucia.es\/ieselenagarciaarmada\/?p=8129"},"modified":"2024-06-17T15:27:34","modified_gmt":"2024-06-17T15:27:34","slug":"antologia-de-mujeres-escritoras-de-la-comarca","status":"publish","type":"post","link":"https:\/\/blogsaverroes.juntadeandalucia.es\/ieselenagarciaarmada\/antologia-de-mujeres-escritoras-de-la-comarca\/","title":{"rendered":"Antolog\u00eda de mujeres escritoras de la comarca"},"content":{"rendered":"<p style=\"text-align: justify\">En el IES Elena Garc\u00eda Armada, el alumnado de 3\u00ba ESO ha realizado una antolog\u00eda de mujeres escritoras de la comarca. Con este proyecto, los estudiantes al investigar las diversas voces se dan cuenta de que al apreciarlas, se enriquecen como lectores y como seres humanos.<\/p>\n<p><a href=\"https:\/\/view.genial.ly\/65eeb49604ba5a0013bffe54\/interactive-content-recensione-libro\" target=\"_blank\" rel=\"noopener\">Enlace al proyecto<\/a><\/p>\n<p style=\"text-align: justify\">Esta idea surgi\u00f3 con motivo del D\u00eda Internacional del Libro y, para ello, contamos con la presencia de las escritoras jerezanas Sof\u00eda Navarro y Pepa Parra que nos acercaron m\u00e1s al mundo de la lectura.<\/p>\nngg_shortcode_0_placeholder\n<p style=\"text-align: justify\">Finalmente, un grupo de alumnos editaron un podcast con la intenci\u00f3n de inspirar a nuevas generaciones de mujeres a participar en la escritura y expresi\u00f3n creativa.<\/p>\n<!--[if lt IE 9]><script>document.createElement('audio');<\/script><![endif]-->\n<audio class=\"wp-audio-shortcode\" id=\"audio-8129-1\" preload=\"none\" style=\"width: 100%;\" controls=\"controls\"><source type=\"audio\/mpeg\" src=\"https:\/\/blogsaverroes.juntadeandalucia.es\/ieselenagarciaarmada\/files\/2024\/06\/WhatsApp-Audio-2024-05-02-at-16.49.13.mp3?_=1\" \/><a href=\"https:\/\/blogsaverroes.juntadeandalucia.es\/ieselenagarciaarmada\/files\/2024\/06\/WhatsApp-Audio-2024-05-02-at-16.49.13.mp3\">https:\/\/blogsaverroes.juntadeandalucia.es\/ieselenagarciaarmada\/files\/2024\/06\/WhatsApp-Audio-2024-05-02-at-16.49.13.mp3<\/a><\/audio>\n","protected":false},"excerpt":{"rendered":"<p>En el IES Elena Garc\u00eda Armada, el alumnado de 3\u00ba ESO ha realizado una antolog\u00eda de mujeres escritoras de la comarca. Con este proyecto, los estudiantes al investigar las diversas&#46;&#46;&#46;<\/p>\n","protected":false},"author":10331,"featured_media":0,"comment_status":"open","ping_status":"open","sticky":false,"template":"","format":"standard","meta":{"ngg_post_thumbnail":0,"footnotes":""},"categories":[768,25505,2351700],"tags":[],"aioseo_notices":[],"_links":{"self":[{"href":"https:\/\/blogsaverroes.juntadeandalucia.es\/ieselenagarciaarmada\/wp-json\/wp\/v2\/posts\/8129"}],"collection":[{"href":"https:\/\/blogsaverroes.juntadeandalucia.es\/ieselenagarciaarmada\/wp-json\/wp\/v2\/posts"}],"about":[{"href":"https:\/\/blogsaverroes.juntadeandalucia.es\/ieselenagarciaarmada\/wp-json\/wp\/v2\/types\/post"}],"author":[{"embeddable":true,"href":"https:\/\/blogsaverroes.juntadeandalucia.es\/ieselenagarciaarmada\/wp-json\/wp\/v2\/users\/10331"}],"replies":[{"embeddable":true,"href":"https:\/\/blogsaverroes.juntadeandalucia.es\/ieselenagarciaarmada\/wp-json\/wp\/v2\/comments?post=8129"}],"version-history":[{"count":6,"href":"https:\/\/blogsaverroes.juntadeandalucia.es\/ieselenagarciaarmada\/wp-json\/wp\/v2\/posts\/8129\/revisions"}],"predecessor-version":[{"id":8155,"href":"https:\/\/blogsaverroes.juntadeandalucia.es\/ieselenagarciaarmada\/wp-json\/wp\/v2\/posts\/8129\/revisions\/8155"}],"wp:attachment":[{"href":"https:\/\/blogsaverroes.juntadeandalucia.es\/ieselenagarciaarmada\/wp-json\/wp\/v2\/media?parent=8129"}],"wp:term":[{"taxonomy":"category","embeddable":true,"href":"https:\/\/blogsaverroes.juntadeandalucia.es\/ieselenagarciaarmada\/wp-json\/wp\/v2\/categories?post=8129"},{"taxonomy":"post_tag","embeddable":true,"href":"https:\/\/blogsaverroes.juntadeandalucia.es\/ieselenagarciaarmada\/wp-json\/wp\/v2\/tags?post=8129"}],"curies":[{"name":"wp","href":"https:\/\/api.w.org\/{rel}","templated":true}]}}