{"id":1383,"date":"2021-05-27T11:08:23","date_gmt":"2021-05-27T11:08:23","guid":{"rendered":"https:\/\/blogsaverroes.juntadeandalucia.es\/ieselsauce\/?p=1383"},"modified":"2021-06-01T11:14:31","modified_gmt":"2021-06-01T11:14:31","slug":"nuestro-ies-destaca-por-sus-buenas-practicas-educativas-en-el-programa-aldea","status":"publish","type":"post","link":"https:\/\/blogsaverroes.juntadeandalucia.es\/ieselsauce\/?p=1383","title":{"rendered":"Nuestro IES destaca por sus BUENAS PR\u00c1CTICAS EDUCATIVAS en el Programa ALDEA"},"content":{"rendered":"<p>Nuestro centro ha sido seleccionado por primera vez como ejemplo de buenas pr\u00e1cticas docentes en el Programa ALDEA. Es por ello que nuestra<strong> profesora de Biolog\u00eda-Geolog\u00eda, Angustias M\u00e1rquez Lema<\/strong>, ha expuesto en las Jornadas Finales el trabajo desarrollado en nuestro IES <strong>dentro del Programa ALDEA que coordina.<\/strong><\/p>\n<p>Bajo el t\u00edtulo <strong>\u00abDescubriendo el c\u00f3digo secreto de las plantas\u00bb<\/strong> nuestro centro ha puesto en marcha por primera vez el Programa Educativo ALDEA, Programa de Educaci\u00f3n Ambiental para la Comunidad Educativa, que la Consejer\u00eda de Educaci\u00f3n y la Consejer\u00eda de Medio Ambiente y Ordenaci\u00f3n del Territorio ponen a disposici\u00f3n del sistema educativo andaluz con el objetivo de promover el desarrollo integrado de iniciativas de educaci\u00f3n para la conservaci\u00f3n de los recursos naturales y el fomento del desarrollo sostenible en el \u00e1mbito de la comunidad educativa andaluza, al objeto de contribuir a una sociedad m\u00e1s proambiental, justa y solidaria, <strong>permitiendo el logro de una educaci\u00f3n integral que comparte y se asienta en los cuatro pilares educativos que propone la UNESCO: Aprender a Ser, Aprender a Convivir, Aprender a Conocer y Aprender a Hacer.<\/strong><\/p>\n<p>Desde aqu\u00ed queremos felicitar principalmente al alumnado participante (ya que han sido protagonistas de su propio ense\u00f1anza-aprendizaje) y al Ayuntamiento de la Carlota por su colaboraci\u00f3n para la creaci\u00f3n de nuestro ECOHUERTO.<\/p>\n<p>Os dejamos a continuaci\u00f3n el <strong>enlace de la grabaci\u00f3n<\/strong>:\u00a0<a href=\"https:\/\/eu-lti.bbcollab.com\/recording\/5360fc5923734696877cf2b43c9dfc9e\">https:\/\/eu-lti.bbcollab.com\/recording\/5360fc5923734696877cf2b43c9dfc9e<\/a><\/p>\n<p>Y el <strong>enlace al blog de Planes y Programas de la Delegaci\u00f3n<\/strong>, donde se ha publicado el trabajo expuesto por nuestra coordinadora:\u00a0<a href=\"https:\/\/blogsaverroes.juntadeandalucia.es\/planesyprogramascordoba\/descubriendo-el-codigo-secreto-de-las-plantas-programa-aldea-b-en-el-ies-el-sauce-de-la-carlota\/\">https:\/\/blogsaverroes.juntadeandalucia.es\/planesyprogramascordoba\/descubriendo-el-codigo-secreto-de-las-plantas-programa-aldea-b-en-el-ies-el-sauce-de-la-carlota\/<\/a><\/p>\n<p>&nbsp;<\/p>\n<p><a href=\"https:\/\/eu-lti.bbcollab.com\/recording\/5360fc5923734696877cf2b43c9dfc9e\"><img loading=\"lazy\" decoding=\"async\" class=\"wp-image-1388 aligncenter\" src=\"https:\/\/blogsaverroes.juntadeandalucia.es\/ieselsauce\/files\/2021\/05\/Captura-de-pantalla-2021-05-27-a-las-13.10.57.png\" alt=\"\" width=\"606\" height=\"341\" srcset=\"https:\/\/blogsaverroes.juntadeandalucia.es\/ieselsauce\/files\/2021\/05\/Captura-de-pantalla-2021-05-27-a-las-13.10.57.png 1235w, https:\/\/blogsaverroes.juntadeandalucia.es\/ieselsauce\/files\/2021\/05\/Captura-de-pantalla-2021-05-27-a-las-13.10.57-300x169.png 300w, https:\/\/blogsaverroes.juntadeandalucia.es\/ieselsauce\/files\/2021\/05\/Captura-de-pantalla-2021-05-27-a-las-13.10.57-1024x576.png 1024w, https:\/\/blogsaverroes.juntadeandalucia.es\/ieselsauce\/files\/2021\/05\/Captura-de-pantalla-2021-05-27-a-las-13.10.57-768x432.png 768w\" sizes=\"(max-width: 606px) 100vw, 606px\" \/><\/a><\/p>\n","protected":false},"excerpt":{"rendered":"<p>Nuestro centro ha sido seleccionado por primera vez como ejemplo de buenas pr\u00e1cticas docentes en el Programa ALDEA. Es por ello que nuestra profesora de Biolog\u00eda-Geolog\u00eda, Angustias M\u00e1rquez Lema, ha&#46;&#46;&#46;<\/p>\n","protected":false},"author":10765,"featured_media":1384,"comment_status":"open","ping_status":"open","sticky":false,"template":"","format":"standard","meta":{"ngg_post_thumbnail":0,"footnotes":""},"categories":[1862834],"tags":[],"aioseo_notices":[],"_links":{"self":[{"href":"https:\/\/blogsaverroes.juntadeandalucia.es\/ieselsauce\/index.php?rest_route=\/wp\/v2\/posts\/1383"}],"collection":[{"href":"https:\/\/blogsaverroes.juntadeandalucia.es\/ieselsauce\/index.php?rest_route=\/wp\/v2\/posts"}],"about":[{"href":"https:\/\/blogsaverroes.juntadeandalucia.es\/ieselsauce\/index.php?rest_route=\/wp\/v2\/types\/post"}],"author":[{"embeddable":true,"href":"https:\/\/blogsaverroes.juntadeandalucia.es\/ieselsauce\/index.php?rest_route=\/wp\/v2\/users\/10765"}],"replies":[{"embeddable":true,"href":"https:\/\/blogsaverroes.juntadeandalucia.es\/ieselsauce\/index.php?rest_route=%2Fwp%2Fv2%2Fcomments&post=1383"}],"version-history":[{"count":8,"href":"https:\/\/blogsaverroes.juntadeandalucia.es\/ieselsauce\/index.php?rest_route=\/wp\/v2\/posts\/1383\/revisions"}],"predecessor-version":[{"id":1405,"href":"https:\/\/blogsaverroes.juntadeandalucia.es\/ieselsauce\/index.php?rest_route=\/wp\/v2\/posts\/1383\/revisions\/1405"}],"wp:featuredmedia":[{"embeddable":true,"href":"https:\/\/blogsaverroes.juntadeandalucia.es\/ieselsauce\/index.php?rest_route=\/wp\/v2\/media\/1384"}],"wp:attachment":[{"href":"https:\/\/blogsaverroes.juntadeandalucia.es\/ieselsauce\/index.php?rest_route=%2Fwp%2Fv2%2Fmedia&parent=1383"}],"wp:term":[{"taxonomy":"category","embeddable":true,"href":"https:\/\/blogsaverroes.juntadeandalucia.es\/ieselsauce\/index.php?rest_route=%2Fwp%2Fv2%2Fcategories&post=1383"},{"taxonomy":"post_tag","embeddable":true,"href":"https:\/\/blogsaverroes.juntadeandalucia.es\/ieselsauce\/index.php?rest_route=%2Fwp%2Fv2%2Ftags&post=1383"}],"curies":[{"name":"wp","href":"https:\/\/api.w.org\/{rel}","templated":true}]}}