{"id":1436,"date":"2021-06-27T10:50:13","date_gmt":"2021-06-27T10:50:13","guid":{"rendered":"https:\/\/blogsaverroes.juntadeandalucia.es\/ieselsauce\/?p=1436"},"modified":"2024-05-17T19:13:12","modified_gmt":"2024-05-17T19:13:12","slug":"graduacion-de-la-promocion-2017-2021","status":"publish","type":"post","link":"https:\/\/blogsaverroes.juntadeandalucia.es\/ieselsauce\/?p=1436","title":{"rendered":"GRADUACI\u00d3N DE LA PROMOCI\u00d3N 2017\/2021"},"content":{"rendered":"<div dir=\"ltr\">\n<div>El pasado lunes 21 de junio celebramos un peque\u00f1o acto de graduaci\u00f3n para el alumnado que ha cursado 4\u00ba de ESO. Se realiz\u00f3 en el Sal\u00f3n de Actos, en el mismo lugar que en septiembre de 2017&nbsp; les dimos la bienvenida. En aquel entonces eran ni\u00f1os y ni\u00f1as de doce a\u00f1os, que ven\u00edan nerviosos, callados y serios. Cuatro cursos despu\u00e9s, una vez superada esta etapa educativa, nos toca despedirnos, con muestras visibles de tristeza y de orgullo, de estos j\u00f3venes repletos de ilusiones.<\/p>\n<p dir=\"ltr\">Hay que reconocer que no nos ha tocado una \u00e9poca f\u00e1cil de vivir. Su aprendizaje ha sido trastocado por una pandemia y desde el profesorado se ha intentado que les afecte lo menos posible y as\u00ed&nbsp; puedan afrontar con \u00e9xito su nueva etapa fuera del instituto.&nbsp;<\/p>\n<p dir=\"ltr\">El acto se inici\u00f3 con la bienvenida de la directora; a continuaci\u00f3n, los discursos de las tutoras y siguieron los discursos de los alumnos, Ana (4\u00baA), Mar\u00eda (4\u00ba B) y Cristian (4\u00baC) . Recordaron con nostalgia los recreos y los descansos de cinco minutos con sus compa\u00f1eros donde&nbsp; afianzaron su amistad; las excursiones que romp\u00eda la rutina de las clases; a su profesorado, con implicaci\u00f3n total; y al PAS, siempre pendientes de ellos. Fueron palabras llenas de emotividad que recuerdan la importancia de los centros escolares y de la labor de su personal en la vida de nuestros j\u00f3venes.<\/p>\n<p dir=\"ltr\">Desde el IES El Sauce queremos agradecer a las familias, que por razones ya conocidas no pudieron estar presentes en este acto de despedida, su apoyo constante. Junto a ellos hemos contribuido a educar a estas grandes personas, dotadas de empat\u00eda, conciencia, sinceridad, confianza y gratitud.<\/p>\n<p dir=\"ltr\">Muchas gracias por permitirnos compartir estos a\u00f1os con vosotros y vosotras. Os deseamos un futuro lleno de felicidad.&nbsp;<\/p>\n<p dir=\"ltr\">Hasta pronto.<\/p>\n<div class=\"yj6qo\"><a href=\"https:\/\/blogsaverroes.juntadeandalucia.es\/ieselsauce\/files\/2021\/06\/IMG-20210621-WA0004.jpg\"><img loading=\"lazy\" decoding=\"async\" class=\"alignnone size-thumbnail wp-image-1437\" src=\"https:\/\/blogsaverroes.juntadeandalucia.es\/ieselsauce\/files\/2021\/06\/IMG-20210621-WA0004-150x150.jpg\" alt=\"\" width=\"150\" height=\"150\" srcset=\"https:\/\/blogsaverroes.juntadeandalucia.es\/ieselsauce\/files\/2021\/06\/IMG-20210621-WA0004-150x150.jpg 150w, https:\/\/blogsaverroes.juntadeandalucia.es\/ieselsauce\/files\/2021\/06\/IMG-20210621-WA0004-80x80.jpg 80w, https:\/\/blogsaverroes.juntadeandalucia.es\/ieselsauce\/files\/2021\/06\/IMG-20210621-WA0004-320x320.jpg 320w\" sizes=\"(max-width: 150px) 100vw, 150px\" \/><\/a> <a href=\"https:\/\/blogsaverroes.juntadeandalucia.es\/ieselsauce\/files\/2021\/06\/IMG-20210621-WA0035.jpg\"><img loading=\"lazy\" decoding=\"async\" class=\"alignnone size-thumbnail wp-image-1438\" src=\"https:\/\/blogsaverroes.juntadeandalucia.es\/ieselsauce\/files\/2021\/06\/IMG-20210621-WA0035-150x150.jpg\" alt=\"\" width=\"150\" height=\"150\" srcset=\"https:\/\/blogsaverroes.juntadeandalucia.es\/ieselsauce\/files\/2021\/06\/IMG-20210621-WA0035-150x150.jpg 150w, https:\/\/blogsaverroes.juntadeandalucia.es\/ieselsauce\/files\/2021\/06\/IMG-20210621-WA0035-80x80.jpg 80w, https:\/\/blogsaverroes.juntadeandalucia.es\/ieselsauce\/files\/2021\/06\/IMG-20210621-WA0035-320x320.jpg 320w\" sizes=\"(max-width: 150px) 100vw, 150px\" \/><\/a> <a href=\"https:\/\/blogsaverroes.juntadeandalucia.es\/ieselsauce\/files\/2021\/06\/IMG-20210621-WA0100.jpg\"><img loading=\"lazy\" decoding=\"async\" class=\"alignnone size-thumbnail wp-image-1439\" src=\"https:\/\/blogsaverroes.juntadeandalucia.es\/ieselsauce\/files\/2021\/06\/IMG-20210621-WA0100-150x150.jpg\" alt=\"\" width=\"150\" height=\"150\" srcset=\"https:\/\/blogsaverroes.juntadeandalucia.es\/ieselsauce\/files\/2021\/06\/IMG-20210621-WA0100-150x150.jpg 150w, https:\/\/blogsaverroes.juntadeandalucia.es\/ieselsauce\/files\/2021\/06\/IMG-20210621-WA0100-80x80.jpg 80w, https:\/\/blogsaverroes.juntadeandalucia.es\/ieselsauce\/files\/2021\/06\/IMG-20210621-WA0100-320x320.jpg 320w\" sizes=\"(max-width: 150px) 100vw, 150px\" \/><\/a> <a href=\"https:\/\/blogsaverroes.juntadeandalucia.es\/ieselsauce\/files\/2021\/06\/IMG_20210621_121005_259-scaled.jpg\"><img loading=\"lazy\" decoding=\"async\" class=\"alignnone size-thumbnail wp-image-1440\" src=\"https:\/\/blogsaverroes.juntadeandalucia.es\/ieselsauce\/files\/2021\/06\/IMG_20210621_121005_259-150x150.jpg\" alt=\"\" width=\"150\" height=\"150\" srcset=\"https:\/\/blogsaverroes.juntadeandalucia.es\/ieselsauce\/files\/2021\/06\/IMG_20210621_121005_259-150x150.jpg 150w, https:\/\/blogsaverroes.juntadeandalucia.es\/ieselsauce\/files\/2021\/06\/IMG_20210621_121005_259-80x80.jpg 80w, https:\/\/blogsaverroes.juntadeandalucia.es\/ieselsauce\/files\/2021\/06\/IMG_20210621_121005_259-320x320.jpg 320w\" sizes=\"(max-width: 150px) 100vw, 150px\" \/><\/a><\/div>\n<div class=\"adL\">&nbsp;<\/div>\n<\/div>\n<\/div>\n","protected":false},"excerpt":{"rendered":"<p>El pasado lunes 21 de junio celebramos un peque\u00f1o acto de graduaci\u00f3n para el alumnado que ha cursado 4\u00ba de ESO. Se realiz\u00f3 en el Sal\u00f3n de Actos, en el&#46;&#46;&#46;<\/p>\n","protected":false},"author":8155,"featured_media":1437,"comment_status":"open","ping_status":"open","sticky":false,"template":"","format":"standard","meta":{"ngg_post_thumbnail":0,"footnotes":""},"categories":[1862862,11909],"tags":[],"aioseo_notices":[],"_links":{"self":[{"href":"https:\/\/blogsaverroes.juntadeandalucia.es\/ieselsauce\/index.php?rest_route=\/wp\/v2\/posts\/1436"}],"collection":[{"href":"https:\/\/blogsaverroes.juntadeandalucia.es\/ieselsauce\/index.php?rest_route=\/wp\/v2\/posts"}],"about":[{"href":"https:\/\/blogsaverroes.juntadeandalucia.es\/ieselsauce\/index.php?rest_route=\/wp\/v2\/types\/post"}],"author":[{"embeddable":true,"href":"https:\/\/blogsaverroes.juntadeandalucia.es\/ieselsauce\/index.php?rest_route=\/wp\/v2\/users\/8155"}],"replies":[{"embeddable":true,"href":"https:\/\/blogsaverroes.juntadeandalucia.es\/ieselsauce\/index.php?rest_route=%2Fwp%2Fv2%2Fcomments&post=1436"}],"version-history":[{"count":1,"href":"https:\/\/blogsaverroes.juntadeandalucia.es\/ieselsauce\/index.php?rest_route=\/wp\/v2\/posts\/1436\/revisions"}],"predecessor-version":[{"id":1441,"href":"https:\/\/blogsaverroes.juntadeandalucia.es\/ieselsauce\/index.php?rest_route=\/wp\/v2\/posts\/1436\/revisions\/1441"}],"wp:featuredmedia":[{"embeddable":true,"href":"https:\/\/blogsaverroes.juntadeandalucia.es\/ieselsauce\/index.php?rest_route=\/wp\/v2\/media\/1437"}],"wp:attachment":[{"href":"https:\/\/blogsaverroes.juntadeandalucia.es\/ieselsauce\/index.php?rest_route=%2Fwp%2Fv2%2Fmedia&parent=1436"}],"wp:term":[{"taxonomy":"category","embeddable":true,"href":"https:\/\/blogsaverroes.juntadeandalucia.es\/ieselsauce\/index.php?rest_route=%2Fwp%2Fv2%2Fcategories&post=1436"},{"taxonomy":"post_tag","embeddable":true,"href":"https:\/\/blogsaverroes.juntadeandalucia.es\/ieselsauce\/index.php?rest_route=%2Fwp%2Fv2%2Ftags&post=1436"}],"curies":[{"name":"wp","href":"https:\/\/api.w.org\/{rel}","templated":true}]}}