{"id":1993,"date":"2022-06-29T18:43:35","date_gmt":"2022-06-29T18:43:35","guid":{"rendered":"https:\/\/blogsaverroes.juntadeandalucia.es\/ieselsauce\/?p=1993"},"modified":"2024-05-17T18:57:16","modified_gmt":"2024-05-17T18:57:16","slug":"el-sauce-publica-el-primer-numero-de-su-periodico-noticiero-de-el-sauce","status":"publish","type":"post","link":"https:\/\/blogsaverroes.juntadeandalucia.es\/ieselsauce\/?p=1993","title":{"rendered":"El Sauce publica el primer n\u00famero de su peri\u00f3dico, Noticiero de El Sauce"},"content":{"rendered":"<p>El IES El Sauce ha publicado el primero n\u00famero de su peri\u00f3dico, <a href=\"https:\/\/www.canva.com\/design\/DAFEbAC-3Xg\/M39gohh-MuUtoKmYiSQtuQ\/view?utm_content=DAFEbAC-3Xg&amp;utm_campaign=designshare&amp;utm_medium=link2&amp;utm_source=sharebutton\">Noticiero de <em>El Sauce<\/em><\/a>, una iniciativa que surge de profesorado y alumnado dentro del proyecto de innovaci\u00f3n educativa ComunicA.<\/p>\n<p><a href=\"https:\/\/www.canva.com\/design\/DAFEbAC-3Xg\/M39gohh-MuUtoKmYiSQtuQ\/view?utm_content=DAFEbAC-3Xg&amp;utm_campaign=designshare&amp;utm_medium=link2&amp;utm_source=sharebutton\"><img loading=\"lazy\" decoding=\"async\" class=\"aligncenter wp-image-1996 size-medium\" src=\"https:\/\/blogsaverroes.juntadeandalucia.es\/ieselsauce\/files\/2022\/06\/Noticiero-de-El-Sauce-212x300.jpg\" alt=\"\" width=\"212\" height=\"300\" srcset=\"https:\/\/blogsaverroes.juntadeandalucia.es\/ieselsauce\/files\/2022\/06\/Noticiero-de-El-Sauce-212x300.jpg 212w, https:\/\/blogsaverroes.juntadeandalucia.es\/ieselsauce\/files\/2022\/06\/Noticiero-de-El-Sauce-724x1024.jpg 724w, https:\/\/blogsaverroes.juntadeandalucia.es\/ieselsauce\/files\/2022\/06\/Noticiero-de-El-Sauce-768x1086.jpg 768w, https:\/\/blogsaverroes.juntadeandalucia.es\/ieselsauce\/files\/2022\/06\/Noticiero-de-El-Sauce-1086x1536.jpg 1086w, https:\/\/blogsaverroes.juntadeandalucia.es\/ieselsauce\/files\/2022\/06\/Noticiero-de-El-Sauce.jpg 1414w\" sizes=\"(max-width: 212px) 100vw, 212px\" \/><\/a><\/p>\n","protected":false},"excerpt":{"rendered":"<p>El IES El Sauce ha publicado el primero n\u00famero de su peri\u00f3dico, Noticiero de El Sauce, una iniciativa que surge de profesorado y alumnado dentro del proyecto de innovaci\u00f3n educativa&#46;&#46;&#46;<\/p>\n","protected":false},"author":15424,"featured_media":0,"comment_status":"open","ping_status":"open","sticky":false,"template":"","format":"standard","meta":{"ngg_post_thumbnail":0,"footnotes":""},"categories":[1862863,11909],"tags":[],"aioseo_notices":[],"_links":{"self":[{"href":"https:\/\/blogsaverroes.juntadeandalucia.es\/ieselsauce\/index.php?rest_route=\/wp\/v2\/posts\/1993"}],"collection":[{"href":"https:\/\/blogsaverroes.juntadeandalucia.es\/ieselsauce\/index.php?rest_route=\/wp\/v2\/posts"}],"about":[{"href":"https:\/\/blogsaverroes.juntadeandalucia.es\/ieselsauce\/index.php?rest_route=\/wp\/v2\/types\/post"}],"author":[{"embeddable":true,"href":"https:\/\/blogsaverroes.juntadeandalucia.es\/ieselsauce\/index.php?rest_route=\/wp\/v2\/users\/15424"}],"replies":[{"embeddable":true,"href":"https:\/\/blogsaverroes.juntadeandalucia.es\/ieselsauce\/index.php?rest_route=%2Fwp%2Fv2%2Fcomments&post=1993"}],"version-history":[{"count":9,"href":"https:\/\/blogsaverroes.juntadeandalucia.es\/ieselsauce\/index.php?rest_route=\/wp\/v2\/posts\/1993\/revisions"}],"predecessor-version":[{"id":2977,"href":"https:\/\/blogsaverroes.juntadeandalucia.es\/ieselsauce\/index.php?rest_route=\/wp\/v2\/posts\/1993\/revisions\/2977"}],"wp:attachment":[{"href":"https:\/\/blogsaverroes.juntadeandalucia.es\/ieselsauce\/index.php?rest_route=%2Fwp%2Fv2%2Fmedia&parent=1993"}],"wp:term":[{"taxonomy":"category","embeddable":true,"href":"https:\/\/blogsaverroes.juntadeandalucia.es\/ieselsauce\/index.php?rest_route=%2Fwp%2Fv2%2Fcategories&post=1993"},{"taxonomy":"post_tag","embeddable":true,"href":"https:\/\/blogsaverroes.juntadeandalucia.es\/ieselsauce\/index.php?rest_route=%2Fwp%2Fv2%2Ftags&post=1993"}],"curies":[{"name":"wp","href":"https:\/\/api.w.org\/{rel}","templated":true}]}}