{"id":2431,"date":"2023-03-15T16:37:33","date_gmt":"2023-03-15T16:37:33","guid":{"rendered":"https:\/\/blogsaverroes.juntadeandalucia.es\/ieselsauce\/?p=2431"},"modified":"2024-05-17T18:49:17","modified_gmt":"2024-05-17T18:49:17","slug":"%f0%9f%92%9c-8m-en-el-ies-el-sauce-%f0%9f%92%9c","status":"publish","type":"post","link":"https:\/\/blogsaverroes.juntadeandalucia.es\/ieselsauce\/?p=2431","title":{"rendered":"\ud83d\udc9c 8M EN EL IES EL SAUCE\u00a0\ud83d\udc9c"},"content":{"rendered":"<p><span style=\"font-size: 14pt;font-family: arial, helvetica, sans-serif;color: #800080\">El pasado mi\u00e9rcoles <strong>8 de marzo<\/strong> celebramos en nuestro centro el <strong>D\u00eda Internacional de la Mujer<\/strong>&#8230; un d\u00eda muy especial, dedicado a la lucha por la igualdad, la participaci\u00f3n y el empoderamiento de la mujer en todos los \u00e1mbitos de la sociedad.<\/span><\/p>\n<p><span style=\"font-size: 14pt;font-family: arial, helvetica, sans-serif;color: #800080\">Desde las tutor\u00edas se trabajaron distintas actividades para la realizaci\u00f3n de murales, dibujos y diversas manualidades que decoraron el centro. De esta manera, t<\/span><span style=\"font-size: 14pt;font-family: arial, helvetica, sans-serif;color: #800080\">oda la comunidad del IES El Sauce se ha volcado para reivindicar los derechos de la mujer y promover la igualdad entre hombres y mujeres.&nbsp;<\/span><br \/>\n<!--more--><br \/>\n<span style=\"font-size: 14pt;font-family: arial, helvetica, sans-serif;color: #800080\">Con las reflexiones e ideas de nuestras alumnas y alumnos, llenas de amor y orgullo, hemos decorado nuestro centro \ud83d\udc9c:<\/span><\/p>\n\n\t\t<style>\n\t\t\t#gallery-1 {\n\t\t\t\tmargin: auto;\n\t\t\t}\n\t\t\t#gallery-1 .gallery-item {\n\t\t\t\tfloat: left;\n\t\t\t\tmargin-top: 10px;\n\t\t\t\ttext-align: center;\n\t\t\t\twidth: 25%;\n\t\t\t}\n\t\t\t#gallery-1 img {\n\t\t\t\tborder: 2px solid #cfcfcf;\n\t\t\t}\n\t\t\t#gallery-1 .gallery-caption {\n\t\t\t\tmargin-left: 0;\n\t\t\t}\n\t\t\t\/* see gallery_shortcode() in wp-includes\/media.php *\/\n\t\t<\/style>\n\t\t<div id='gallery-1' class='gallery galleryid-2431 gallery-columns-4 gallery-size-large'><dl class='gallery-item'>\n\t\t\t<dt class='gallery-icon landscape'>\n\t\t\t\t<a href='https:\/\/blogsaverroes.juntadeandalucia.es\/ieselsauce\/?attachment_id=2443'><img loading=\"lazy\" decoding=\"async\" width=\"1024\" height=\"768\" src=\"https:\/\/blogsaverroes.juntadeandalucia.es\/ieselsauce\/files\/2023\/03\/15-1024x768.jpeg\" class=\"attachment-large size-large\" alt=\"\" srcset=\"https:\/\/blogsaverroes.juntadeandalucia.es\/ieselsauce\/files\/2023\/03\/15-1024x768.jpeg 1024w, https:\/\/blogsaverroes.juntadeandalucia.es\/ieselsauce\/files\/2023\/03\/15-300x225.jpeg 300w, https:\/\/blogsaverroes.juntadeandalucia.es\/ieselsauce\/files\/2023\/03\/15-768x576.jpeg 768w, https:\/\/blogsaverroes.juntadeandalucia.es\/ieselsauce\/files\/2023\/03\/15-1536x1152.jpeg 1536w, https:\/\/blogsaverroes.juntadeandalucia.es\/ieselsauce\/files\/2023\/03\/15.jpeg 2000w\" sizes=\"(max-width: 1024px) 100vw, 1024px\" \/><\/a>\n\t\t\t<\/dt><\/dl><dl class='gallery-item'>\n\t\t\t<dt class='gallery-icon landscape'>\n\t\t\t\t<a href='https:\/\/blogsaverroes.juntadeandalucia.es\/ieselsauce\/?attachment_id=2439'><img loading=\"lazy\" decoding=\"async\" width=\"1024\" height=\"766\" src=\"https:\/\/blogsaverroes.juntadeandalucia.es\/ieselsauce\/files\/2023\/03\/12.jpeg\" class=\"attachment-large size-large\" alt=\"\" srcset=\"https:\/\/blogsaverroes.juntadeandalucia.es\/ieselsauce\/files\/2023\/03\/12.jpeg 1024w, https:\/\/blogsaverroes.juntadeandalucia.es\/ieselsauce\/files\/2023\/03\/12-300x224.jpeg 300w, https:\/\/blogsaverroes.juntadeandalucia.es\/ieselsauce\/files\/2023\/03\/12-768x575.jpeg 768w\" sizes=\"(max-width: 1024px) 100vw, 1024px\" \/><\/a>\n\t\t\t<\/dt><\/dl><dl class='gallery-item'>\n\t\t\t<dt class='gallery-icon landscape'>\n\t\t\t\t<a href='https:\/\/blogsaverroes.juntadeandalucia.es\/ieselsauce\/?attachment_id=2436'><img loading=\"lazy\" decoding=\"async\" width=\"1024\" height=\"768\" src=\"https:\/\/blogsaverroes.juntadeandalucia.es\/ieselsauce\/files\/2023\/03\/10.jpeg\" class=\"attachment-large size-large\" alt=\"\" srcset=\"https:\/\/blogsaverroes.juntadeandalucia.es\/ieselsauce\/files\/2023\/03\/10.jpeg 1024w, https:\/\/blogsaverroes.juntadeandalucia.es\/ieselsauce\/files\/2023\/03\/10-300x225.jpeg 300w, https:\/\/blogsaverroes.juntadeandalucia.es\/ieselsauce\/files\/2023\/03\/10-768x576.jpeg 768w\" sizes=\"(max-width: 1024px) 100vw, 1024px\" \/><\/a>\n\t\t\t<\/dt><\/dl><dl class='gallery-item'>\n\t\t\t<dt class='gallery-icon landscape'>\n\t\t\t\t<a href='https:\/\/blogsaverroes.juntadeandalucia.es\/ieselsauce\/?attachment_id=2441'><img loading=\"lazy\" decoding=\"async\" width=\"1024\" height=\"766\" src=\"https:\/\/blogsaverroes.juntadeandalucia.es\/ieselsauce\/files\/2023\/03\/13.jpeg\" class=\"attachment-large size-large\" alt=\"\" srcset=\"https:\/\/blogsaverroes.juntadeandalucia.es\/ieselsauce\/files\/2023\/03\/13.jpeg 1024w, https:\/\/blogsaverroes.juntadeandalucia.es\/ieselsauce\/files\/2023\/03\/13-300x224.jpeg 300w, https:\/\/blogsaverroes.juntadeandalucia.es\/ieselsauce\/files\/2023\/03\/13-768x575.jpeg 768w\" sizes=\"(max-width: 1024px) 100vw, 1024px\" \/><\/a>\n\t\t\t<\/dt><\/dl><br style=\"clear: both\" \/><dl class='gallery-item'>\n\t\t\t<dt class='gallery-icon portrait'>\n\t\t\t\t<a href='https:\/\/blogsaverroes.juntadeandalucia.es\/ieselsauce\/?attachment_id=2432'><img loading=\"lazy\" decoding=\"async\" width=\"768\" height=\"1024\" src=\"https:\/\/blogsaverroes.juntadeandalucia.es\/ieselsauce\/files\/2023\/03\/1-768x1024.jpeg\" class=\"attachment-large size-large\" alt=\"\" srcset=\"https:\/\/blogsaverroes.juntadeandalucia.es\/ieselsauce\/files\/2023\/03\/1-768x1024.jpeg 768w, https:\/\/blogsaverroes.juntadeandalucia.es\/ieselsauce\/files\/2023\/03\/1-225x300.jpeg 225w, https:\/\/blogsaverroes.juntadeandalucia.es\/ieselsauce\/files\/2023\/03\/1-1152x1536.jpeg 1152w, https:\/\/blogsaverroes.juntadeandalucia.es\/ieselsauce\/files\/2023\/03\/1.jpeg 1536w\" sizes=\"(max-width: 768px) 100vw, 768px\" \/><\/a>\n\t\t\t<\/dt><\/dl><dl class='gallery-item'>\n\t\t\t<dt class='gallery-icon portrait'>\n\t\t\t\t<a href='https:\/\/blogsaverroes.juntadeandalucia.es\/ieselsauce\/?attachment_id=2437'><img loading=\"lazy\" decoding=\"async\" width=\"768\" height=\"1024\" src=\"https:\/\/blogsaverroes.juntadeandalucia.es\/ieselsauce\/files\/2023\/03\/2.jpeg\" class=\"attachment-large size-large\" alt=\"\" srcset=\"https:\/\/blogsaverroes.juntadeandalucia.es\/ieselsauce\/files\/2023\/03\/2.jpeg 768w, https:\/\/blogsaverroes.juntadeandalucia.es\/ieselsauce\/files\/2023\/03\/2-225x300.jpeg 225w\" sizes=\"(max-width: 768px) 100vw, 768px\" \/><\/a>\n\t\t\t<\/dt><\/dl><dl class='gallery-item'>\n\t\t\t<dt class='gallery-icon portrait'>\n\t\t\t\t<a href='https:\/\/blogsaverroes.juntadeandalucia.es\/ieselsauce\/?attachment_id=2433'><img loading=\"lazy\" decoding=\"async\" width=\"768\" height=\"1024\" src=\"https:\/\/blogsaverroes.juntadeandalucia.es\/ieselsauce\/files\/2023\/03\/3-768x1024.jpeg\" class=\"attachment-large size-large\" alt=\"\" srcset=\"https:\/\/blogsaverroes.juntadeandalucia.es\/ieselsauce\/files\/2023\/03\/3-768x1024.jpeg 768w, https:\/\/blogsaverroes.juntadeandalucia.es\/ieselsauce\/files\/2023\/03\/3-225x300.jpeg 225w, https:\/\/blogsaverroes.juntadeandalucia.es\/ieselsauce\/files\/2023\/03\/3-1152x1536.jpeg 1152w, https:\/\/blogsaverroes.juntadeandalucia.es\/ieselsauce\/files\/2023\/03\/3.jpeg 1536w\" sizes=\"(max-width: 768px) 100vw, 768px\" \/><\/a>\n\t\t\t<\/dt><\/dl><dl class='gallery-item'>\n\t\t\t<dt class='gallery-icon portrait'>\n\t\t\t\t<a href='https:\/\/blogsaverroes.juntadeandalucia.es\/ieselsauce\/?attachment_id=2434'><img loading=\"lazy\" decoding=\"async\" width=\"768\" height=\"1024\" src=\"https:\/\/blogsaverroes.juntadeandalucia.es\/ieselsauce\/files\/2023\/03\/5-768x1024.jpeg\" class=\"attachment-large size-large\" alt=\"\" srcset=\"https:\/\/blogsaverroes.juntadeandalucia.es\/ieselsauce\/files\/2023\/03\/5-768x1024.jpeg 768w, https:\/\/blogsaverroes.juntadeandalucia.es\/ieselsauce\/files\/2023\/03\/5-225x300.jpeg 225w, https:\/\/blogsaverroes.juntadeandalucia.es\/ieselsauce\/files\/2023\/03\/5-1152x1536.jpeg 1152w, https:\/\/blogsaverroes.juntadeandalucia.es\/ieselsauce\/files\/2023\/03\/5.jpeg 1536w\" sizes=\"(max-width: 768px) 100vw, 768px\" \/><\/a>\n\t\t\t<\/dt><\/dl><br style=\"clear: both\" \/><dl class='gallery-item'>\n\t\t\t<dt class='gallery-icon portrait'>\n\t\t\t\t<a href='https:\/\/blogsaverroes.juntadeandalucia.es\/ieselsauce\/?attachment_id=2440'><img loading=\"lazy\" decoding=\"async\" width=\"864\" height=\"1022\" src=\"https:\/\/blogsaverroes.juntadeandalucia.es\/ieselsauce\/files\/2023\/03\/4.jpeg\" class=\"attachment-large size-large\" alt=\"\" srcset=\"https:\/\/blogsaverroes.juntadeandalucia.es\/ieselsauce\/files\/2023\/03\/4.jpeg 864w, https:\/\/blogsaverroes.juntadeandalucia.es\/ieselsauce\/files\/2023\/03\/4-254x300.jpeg 254w, https:\/\/blogsaverroes.juntadeandalucia.es\/ieselsauce\/files\/2023\/03\/4-768x908.jpeg 768w\" sizes=\"(max-width: 864px) 100vw, 864px\" \/><\/a>\n\t\t\t<\/dt><\/dl><dl class='gallery-item'>\n\t\t\t<dt class='gallery-icon landscape'>\n\t\t\t\t<a href='https:\/\/blogsaverroes.juntadeandalucia.es\/ieselsauce\/?attachment_id=2438'><img loading=\"lazy\" decoding=\"async\" width=\"1024\" height=\"766\" src=\"https:\/\/blogsaverroes.juntadeandalucia.es\/ieselsauce\/files\/2023\/03\/11.jpeg\" class=\"attachment-large size-large\" alt=\"\" srcset=\"https:\/\/blogsaverroes.juntadeandalucia.es\/ieselsauce\/files\/2023\/03\/11.jpeg 1024w, https:\/\/blogsaverroes.juntadeandalucia.es\/ieselsauce\/files\/2023\/03\/11-300x224.jpeg 300w, https:\/\/blogsaverroes.juntadeandalucia.es\/ieselsauce\/files\/2023\/03\/11-768x575.jpeg 768w\" sizes=\"(max-width: 1024px) 100vw, 1024px\" \/><\/a>\n\t\t\t<\/dt><\/dl><dl class='gallery-item'>\n\t\t\t<dt class='gallery-icon landscape'>\n\t\t\t\t<a href='https:\/\/blogsaverroes.juntadeandalucia.es\/ieselsauce\/?attachment_id=2442'><img loading=\"lazy\" decoding=\"async\" width=\"1024\" height=\"768\" src=\"https:\/\/blogsaverroes.juntadeandalucia.es\/ieselsauce\/files\/2023\/03\/14.jpeg\" class=\"attachment-large size-large\" alt=\"\" srcset=\"https:\/\/blogsaverroes.juntadeandalucia.es\/ieselsauce\/files\/2023\/03\/14.jpeg 1024w, https:\/\/blogsaverroes.juntadeandalucia.es\/ieselsauce\/files\/2023\/03\/14-300x225.jpeg 300w, https:\/\/blogsaverroes.juntadeandalucia.es\/ieselsauce\/files\/2023\/03\/14-768x576.jpeg 768w\" sizes=\"(max-width: 1024px) 100vw, 1024px\" \/><\/a>\n\t\t\t<\/dt><\/dl><dl class='gallery-item'>\n\t\t\t<dt class='gallery-icon landscape'>\n\t\t\t\t<a href='https:\/\/blogsaverroes.juntadeandalucia.es\/ieselsauce\/?attachment_id=2435'><img loading=\"lazy\" decoding=\"async\" width=\"1024\" height=\"768\" src=\"https:\/\/blogsaverroes.juntadeandalucia.es\/ieselsauce\/files\/2023\/03\/9-1024x768.jpeg\" class=\"attachment-large size-large\" alt=\"\" srcset=\"https:\/\/blogsaverroes.juntadeandalucia.es\/ieselsauce\/files\/2023\/03\/9-1024x768.jpeg 1024w, https:\/\/blogsaverroes.juntadeandalucia.es\/ieselsauce\/files\/2023\/03\/9-300x225.jpeg 300w, https:\/\/blogsaverroes.juntadeandalucia.es\/ieselsauce\/files\/2023\/03\/9-768x576.jpeg 768w, https:\/\/blogsaverroes.juntadeandalucia.es\/ieselsauce\/files\/2023\/03\/9-1536x1152.jpeg 1536w, https:\/\/blogsaverroes.juntadeandalucia.es\/ieselsauce\/files\/2023\/03\/9.jpeg 2048w\" sizes=\"(max-width: 1024px) 100vw, 1024px\" \/><\/a>\n\t\t\t<\/dt><\/dl><br style=\"clear: both\" \/>\n\t\t<\/div>\n\n","protected":false},"excerpt":{"rendered":"<p>El pasado mi\u00e9rcoles 8 de marzo celebramos en nuestro centro el D\u00eda Internacional de la Mujer&#8230; un d\u00eda muy especial, dedicado a la lucha por la igualdad, la participaci\u00f3n y&#46;&#46;&#46;<\/p>\n","protected":false},"author":14256,"featured_media":2443,"comment_status":"open","ping_status":"open","sticky":false,"template":"","format":"standard","meta":{"ngg_post_thumbnail":0,"footnotes":""},"categories":[1862864,1862833,1862838],"tags":[],"aioseo_notices":[],"_links":{"self":[{"href":"https:\/\/blogsaverroes.juntadeandalucia.es\/ieselsauce\/index.php?rest_route=\/wp\/v2\/posts\/2431"}],"collection":[{"href":"https:\/\/blogsaverroes.juntadeandalucia.es\/ieselsauce\/index.php?rest_route=\/wp\/v2\/posts"}],"about":[{"href":"https:\/\/blogsaverroes.juntadeandalucia.es\/ieselsauce\/index.php?rest_route=\/wp\/v2\/types\/post"}],"author":[{"embeddable":true,"href":"https:\/\/blogsaverroes.juntadeandalucia.es\/ieselsauce\/index.php?rest_route=\/wp\/v2\/users\/14256"}],"replies":[{"embeddable":true,"href":"https:\/\/blogsaverroes.juntadeandalucia.es\/ieselsauce\/index.php?rest_route=%2Fwp%2Fv2%2Fcomments&post=2431"}],"version-history":[{"count":3,"href":"https:\/\/blogsaverroes.juntadeandalucia.es\/ieselsauce\/index.php?rest_route=\/wp\/v2\/posts\/2431\/revisions"}],"predecessor-version":[{"id":2446,"href":"https:\/\/blogsaverroes.juntadeandalucia.es\/ieselsauce\/index.php?rest_route=\/wp\/v2\/posts\/2431\/revisions\/2446"}],"wp:featuredmedia":[{"embeddable":true,"href":"https:\/\/blogsaverroes.juntadeandalucia.es\/ieselsauce\/index.php?rest_route=\/wp\/v2\/media\/2443"}],"wp:attachment":[{"href":"https:\/\/blogsaverroes.juntadeandalucia.es\/ieselsauce\/index.php?rest_route=%2Fwp%2Fv2%2Fmedia&parent=2431"}],"wp:term":[{"taxonomy":"category","embeddable":true,"href":"https:\/\/blogsaverroes.juntadeandalucia.es\/ieselsauce\/index.php?rest_route=%2Fwp%2Fv2%2Fcategories&post=2431"},{"taxonomy":"post_tag","embeddable":true,"href":"https:\/\/blogsaverroes.juntadeandalucia.es\/ieselsauce\/index.php?rest_route=%2Fwp%2Fv2%2Ftags&post=2431"}],"curies":[{"name":"wp","href":"https:\/\/api.w.org\/{rel}","templated":true}]}}