{"id":2454,"date":"2023-03-29T10:49:49","date_gmt":"2023-03-29T10:49:49","guid":{"rendered":"https:\/\/blogsaverroes.juntadeandalucia.es\/ieselsauce\/?p=2454"},"modified":"2024-05-17T18:48:41","modified_gmt":"2024-05-17T18:48:41","slug":"actividades-por-el-dia-de-la-paz-en-clase-de-musica","status":"publish","type":"post","link":"https:\/\/blogsaverroes.juntadeandalucia.es\/ieselsauce\/?p=2454","title":{"rendered":"Actividades por el D\u00eda de La Paz en clase de M\u00fasica"},"content":{"rendered":"<p style=\"text-align: left\">Durante el segundo trimestre, en clase de M\u00fasica hemos realizado algunas actividades para celebrar el <i>D\u00eda de La Paz<\/i>. Con ello hemos pretendido promover valores como la tolerancia, solidaridad, concordia y respeto a los Derechos Humanos. <!--more--><!--more--><br \/>\nEn 1\u00ba de ESO el alumnado ha realizado unos trabajos grupales en los que han elegido una canci\u00f3n que fomente dichos valores. A trav\u00e9s de c\u00f3digos QR se puede acceder a las canciones. A continuaci\u00f3n presentamos algunos de ellos.<\/p>\n<p><img loading=\"lazy\" decoding=\"async\" class=\"alignnone size-medium wp-image-2509\" src=\"https:\/\/blogsaverroes.juntadeandalucia.es\/ieselsauce\/files\/2023\/03\/1A-Claudia--212x300.jpg\" alt=\"\" width=\"212\" height=\"300\" srcset=\"https:\/\/blogsaverroes.juntadeandalucia.es\/ieselsauce\/files\/2023\/03\/1A-Claudia--212x300.jpg 212w, https:\/\/blogsaverroes.juntadeandalucia.es\/ieselsauce\/files\/2023\/03\/1A-Claudia--724x1024.jpg 724w, https:\/\/blogsaverroes.juntadeandalucia.es\/ieselsauce\/files\/2023\/03\/1A-Claudia--768x1086.jpg 768w, https:\/\/blogsaverroes.juntadeandalucia.es\/ieselsauce\/files\/2023\/03\/1A-Claudia--1086x1536.jpg 1086w, https:\/\/blogsaverroes.juntadeandalucia.es\/ieselsauce\/files\/2023\/03\/1A-Claudia--1448x2048.jpg 1448w, https:\/\/blogsaverroes.juntadeandalucia.es\/ieselsauce\/files\/2023\/03\/1A-Claudia-.jpg 1587w\" sizes=\"(max-width: 212px) 100vw, 212px\" \/><img loading=\"lazy\" decoding=\"async\" class=\"alignnone size-medium wp-image-2511\" src=\"https:\/\/blogsaverroes.juntadeandalucia.es\/ieselsauce\/files\/2023\/03\/1A-Nahia-Carmen-Luc\u00eda-Lourdes-169x300.png\" alt=\"\" width=\"169\" height=\"300\" srcset=\"https:\/\/blogsaverroes.juntadeandalucia.es\/ieselsauce\/files\/2023\/03\/1A-Nahia-Carmen-Luc\u00eda-Lourdes-169x300.png 169w, https:\/\/blogsaverroes.juntadeandalucia.es\/ieselsauce\/files\/2023\/03\/1A-Nahia-Carmen-Luc\u00eda-Lourdes-576x1024.png 576w, https:\/\/blogsaverroes.juntadeandalucia.es\/ieselsauce\/files\/2023\/03\/1A-Nahia-Carmen-Luc\u00eda-Lourdes-768x1365.png 768w, https:\/\/blogsaverroes.juntadeandalucia.es\/ieselsauce\/files\/2023\/03\/1A-Nahia-Carmen-Luc\u00eda-Lourdes-864x1536.png 864w, https:\/\/blogsaverroes.juntadeandalucia.es\/ieselsauce\/files\/2023\/03\/1A-Nahia-Carmen-Luc\u00eda-Lourdes.png 1080w\" sizes=\"(max-width: 169px) 100vw, 169px\" \/><img loading=\"lazy\" decoding=\"async\" class=\"alignnone size-medium wp-image-2510\" src=\"https:\/\/blogsaverroes.juntadeandalucia.es\/ieselsauce\/files\/2023\/03\/1A-La-muralla-Claudio-Jos\u00e9-M-Dami\u00e1n-Jes\u00fas--135x300.jpg\" alt=\"\" width=\"135\" height=\"300\" srcset=\"https:\/\/blogsaverroes.juntadeandalucia.es\/ieselsauce\/files\/2023\/03\/1A-La-muralla-Claudio-Jos\u00e9-M-Dami\u00e1n-Jes\u00fas--135x300.jpg 135w, https:\/\/blogsaverroes.juntadeandalucia.es\/ieselsauce\/files\/2023\/03\/1A-La-muralla-Claudio-Jos\u00e9-M-Dami\u00e1n-Jes\u00fas--461x1024.jpg 461w, https:\/\/blogsaverroes.juntadeandalucia.es\/ieselsauce\/files\/2023\/03\/1A-La-muralla-Claudio-Jos\u00e9-M-Dami\u00e1n-Jes\u00fas--768x1707.jpg 768w, https:\/\/blogsaverroes.juntadeandalucia.es\/ieselsauce\/files\/2023\/03\/1A-La-muralla-Claudio-Jos\u00e9-M-Dami\u00e1n-Jes\u00fas--691x1536.jpg 691w, https:\/\/blogsaverroes.juntadeandalucia.es\/ieselsauce\/files\/2023\/03\/1A-La-muralla-Claudio-Jos\u00e9-M-Dami\u00e1n-Jes\u00fas--922x2048.jpg 922w, https:\/\/blogsaverroes.juntadeandalucia.es\/ieselsauce\/files\/2023\/03\/1A-La-muralla-Claudio-Jos\u00e9-M-Dami\u00e1n-Jes\u00fas-.jpg 1080w\" sizes=\"(max-width: 135px) 100vw, 135px\" \/><br \/>\n<img loading=\"lazy\" decoding=\"async\" class=\"alignnone size-medium wp-image-2485\" src=\"https:\/\/blogsaverroes.juntadeandalucia.es\/ieselsauce\/files\/2023\/03\/1A_Bajo-el-mismo-sol.-Rafa-2-300x240.png\" alt=\"\" width=\"300\" height=\"240\" srcset=\"https:\/\/blogsaverroes.juntadeandalucia.es\/ieselsauce\/files\/2023\/03\/1A_Bajo-el-mismo-sol.-Rafa-2-300x240.png 300w, https:\/\/blogsaverroes.juntadeandalucia.es\/ieselsauce\/files\/2023\/03\/1A_Bajo-el-mismo-sol.-Rafa-2-1024x819.png 1024w, https:\/\/blogsaverroes.juntadeandalucia.es\/ieselsauce\/files\/2023\/03\/1A_Bajo-el-mismo-sol.-Rafa-2-768x614.png 768w, https:\/\/blogsaverroes.juntadeandalucia.es\/ieselsauce\/files\/2023\/03\/1A_Bajo-el-mismo-sol.-Rafa-2-1536x1229.png 1536w, https:\/\/blogsaverroes.juntadeandalucia.es\/ieselsauce\/files\/2023\/03\/1A_Bajo-el-mismo-sol.-Rafa-2.png 2000w\" sizes=\"(max-width: 300px) 100vw, 300px\" \/><img loading=\"lazy\" decoding=\"async\" class=\"alignnone size-medium wp-image-2512\" src=\"https:\/\/blogsaverroes.juntadeandalucia.es\/ieselsauce\/files\/2023\/03\/1C-Samuel-Antonio-Adri\u00e1n-Carlos-Jes\u00fas--169x300.jpg\" alt=\"\" width=\"169\" height=\"300\" srcset=\"https:\/\/blogsaverroes.juntadeandalucia.es\/ieselsauce\/files\/2023\/03\/1C-Samuel-Antonio-Adri\u00e1n-Carlos-Jes\u00fas--169x300.jpg 169w, https:\/\/blogsaverroes.juntadeandalucia.es\/ieselsauce\/files\/2023\/03\/1C-Samuel-Antonio-Adri\u00e1n-Carlos-Jes\u00fas--576x1024.jpg 576w, https:\/\/blogsaverroes.juntadeandalucia.es\/ieselsauce\/files\/2023\/03\/1C-Samuel-Antonio-Adri\u00e1n-Carlos-Jes\u00fas--768x1365.jpg 768w, https:\/\/blogsaverroes.juntadeandalucia.es\/ieselsauce\/files\/2023\/03\/1C-Samuel-Antonio-Adri\u00e1n-Carlos-Jes\u00fas--864x1536.jpg 864w, https:\/\/blogsaverroes.juntadeandalucia.es\/ieselsauce\/files\/2023\/03\/1C-Samuel-Antonio-Adri\u00e1n-Carlos-Jes\u00fas--1152x2048.jpg 1152w, https:\/\/blogsaverroes.juntadeandalucia.es\/ieselsauce\/files\/2023\/03\/1C-Samuel-Antonio-Adri\u00e1n-Carlos-Jes\u00fas--scaled.jpg 1440w\" sizes=\"(max-width: 169px) 100vw, 169px\" \/><\/p>\n<p><img loading=\"lazy\" decoding=\"async\" class=\"alignnone size-medium wp-image-2513\" src=\"https:\/\/blogsaverroes.juntadeandalucia.es\/ieselsauce\/files\/2023\/03\/1C-Que-bonito-es-querer-Noa-Malak-Andrea-Elena-Paula-Carla-212x300.jpg\" alt=\"\" width=\"212\" height=\"300\" srcset=\"https:\/\/blogsaverroes.juntadeandalucia.es\/ieselsauce\/files\/2023\/03\/1C-Que-bonito-es-querer-Noa-Malak-Andrea-Elena-Paula-Carla-212x300.jpg 212w, https:\/\/blogsaverroes.juntadeandalucia.es\/ieselsauce\/files\/2023\/03\/1C-Que-bonito-es-querer-Noa-Malak-Andrea-Elena-Paula-Carla-724x1024.jpg 724w, https:\/\/blogsaverroes.juntadeandalucia.es\/ieselsauce\/files\/2023\/03\/1C-Que-bonito-es-querer-Noa-Malak-Andrea-Elena-Paula-Carla-768x1087.jpg 768w, https:\/\/blogsaverroes.juntadeandalucia.es\/ieselsauce\/files\/2023\/03\/1C-Que-bonito-es-querer-Noa-Malak-Andrea-Elena-Paula-Carla.jpg 1067w\" sizes=\"(max-width: 212px) 100vw, 212px\" \/><img loading=\"lazy\" decoding=\"async\" class=\"alignnone size-medium wp-image-2493\" src=\"https:\/\/blogsaverroes.juntadeandalucia.es\/ieselsauce\/files\/2023\/03\/1A_We-are-the-World.-Adriana-Ana-Vega-Maroua-Dona-Alba-2-212x300.png\" alt=\"\" width=\"212\" height=\"300\" srcset=\"https:\/\/blogsaverroes.juntadeandalucia.es\/ieselsauce\/files\/2023\/03\/1A_We-are-the-World.-Adriana-Ana-Vega-Maroua-Dona-Alba-2-212x300.png 212w, https:\/\/blogsaverroes.juntadeandalucia.es\/ieselsauce\/files\/2023\/03\/1A_We-are-the-World.-Adriana-Ana-Vega-Maroua-Dona-Alba-2-724x1024.png 724w, https:\/\/blogsaverroes.juntadeandalucia.es\/ieselsauce\/files\/2023\/03\/1A_We-are-the-World.-Adriana-Ana-Vega-Maroua-Dona-Alba-2.png 750w\" sizes=\"(max-width: 212px) 100vw, 212px\" \/><\/p>\n<p><img loading=\"lazy\" decoding=\"async\" class=\"alignnone size-medium wp-image-2514\" src=\"https:\/\/blogsaverroes.juntadeandalucia.es\/ieselsauce\/files\/2023\/03\/1C-Color-esperanza-Aar\u00f3n--300x225.jpg\" alt=\"\" width=\"300\" height=\"225\" srcset=\"https:\/\/blogsaverroes.juntadeandalucia.es\/ieselsauce\/files\/2023\/03\/1C-Color-esperanza-Aar\u00f3n--300x225.jpg 300w, https:\/\/blogsaverroes.juntadeandalucia.es\/ieselsauce\/files\/2023\/03\/1C-Color-esperanza-Aar\u00f3n--1024x768.jpg 1024w, https:\/\/blogsaverroes.juntadeandalucia.es\/ieselsauce\/files\/2023\/03\/1C-Color-esperanza-Aar\u00f3n--768x576.jpg 768w, https:\/\/blogsaverroes.juntadeandalucia.es\/ieselsauce\/files\/2023\/03\/1C-Color-esperanza-Aar\u00f3n-.jpg 1159w\" sizes=\"(max-width: 300px) 100vw, 300px\" \/>&nbsp;<img loading=\"lazy\" decoding=\"async\" class=\"alignnone size-medium wp-image-2500\" src=\"https:\/\/blogsaverroes.juntadeandalucia.es\/ieselsauce\/files\/2023\/03\/1C_-Pedro-Juan-Albero-O-Marco.-Bajo-el-mismo-sol-2-169x300.png\" alt=\"\" width=\"169\" height=\"300\" srcset=\"https:\/\/blogsaverroes.juntadeandalucia.es\/ieselsauce\/files\/2023\/03\/1C_-Pedro-Juan-Albero-O-Marco.-Bajo-el-mismo-sol-2-169x300.png 169w, https:\/\/blogsaverroes.juntadeandalucia.es\/ieselsauce\/files\/2023\/03\/1C_-Pedro-Juan-Albero-O-Marco.-Bajo-el-mismo-sol-2-576x1024.png 576w, https:\/\/blogsaverroes.juntadeandalucia.es\/ieselsauce\/files\/2023\/03\/1C_-Pedro-Juan-Albero-O-Marco.-Bajo-el-mismo-sol-2-768x1365.png 768w, https:\/\/blogsaverroes.juntadeandalucia.es\/ieselsauce\/files\/2023\/03\/1C_-Pedro-Juan-Albero-O-Marco.-Bajo-el-mismo-sol-2-864x1536.png 864w, https:\/\/blogsaverroes.juntadeandalucia.es\/ieselsauce\/files\/2023\/03\/1C_-Pedro-Juan-Albero-O-Marco.-Bajo-el-mismo-sol-2.png 1080w\" sizes=\"(max-width: 169px) 100vw, 169px\" \/><img loading=\"lazy\" decoding=\"async\" class=\"alignnone size-medium wp-image-2515\" src=\"https:\/\/blogsaverroes.juntadeandalucia.es\/ieselsauce\/files\/2023\/03\/1C-Puerta-violeta-Samuel-David-A-Rafa-Adri\u00e1n-y-Sergio-300x136.jpg\" alt=\"\" width=\"300\" height=\"136\" srcset=\"https:\/\/blogsaverroes.juntadeandalucia.es\/ieselsauce\/files\/2023\/03\/1C-Puerta-violeta-Samuel-David-A-Rafa-Adri\u00e1n-y-Sergio-300x136.jpg 300w, https:\/\/blogsaverroes.juntadeandalucia.es\/ieselsauce\/files\/2023\/03\/1C-Puerta-violeta-Samuel-David-A-Rafa-Adri\u00e1n-y-Sergio-768x348.jpg 768w, https:\/\/blogsaverroes.juntadeandalucia.es\/ieselsauce\/files\/2023\/03\/1C-Puerta-violeta-Samuel-David-A-Rafa-Adri\u00e1n-y-Sergio.jpg 951w\" sizes=\"(max-width: 300px) 100vw, 300px\" \/>&nbsp;<img loading=\"lazy\" decoding=\"async\" class=\"alignnone size-medium wp-image-2498\" src=\"https:\/\/blogsaverroes.juntadeandalucia.es\/ieselsauce\/files\/2023\/03\/1C_-Nerea-Alba-Carla-Blanca-2-300x300.png\" alt=\"\" width=\"300\" height=\"300\" srcset=\"https:\/\/blogsaverroes.juntadeandalucia.es\/ieselsauce\/files\/2023\/03\/1C_-Nerea-Alba-Carla-Blanca-2-300x300.png 300w, https:\/\/blogsaverroes.juntadeandalucia.es\/ieselsauce\/files\/2023\/03\/1C_-Nerea-Alba-Carla-Blanca-2-1024x1024.png 1024w, https:\/\/blogsaverroes.juntadeandalucia.es\/ieselsauce\/files\/2023\/03\/1C_-Nerea-Alba-Carla-Blanca-2-150x150.png 150w, https:\/\/blogsaverroes.juntadeandalucia.es\/ieselsauce\/files\/2023\/03\/1C_-Nerea-Alba-Carla-Blanca-2-768x768.png 768w, https:\/\/blogsaverroes.juntadeandalucia.es\/ieselsauce\/files\/2023\/03\/1C_-Nerea-Alba-Carla-Blanca-2-80x80.png 80w, https:\/\/blogsaverroes.juntadeandalucia.es\/ieselsauce\/files\/2023\/03\/1C_-Nerea-Alba-Carla-Blanca-2-320x320.png 320w, https:\/\/blogsaverroes.juntadeandalucia.es\/ieselsauce\/files\/2023\/03\/1C_-Nerea-Alba-Carla-Blanca-2.png 1080w\" sizes=\"(max-width: 300px) 100vw, 300px\" \/><img loading=\"lazy\" decoding=\"async\" class=\"alignnone size-medium wp-image-2516\" src=\"https:\/\/blogsaverroes.juntadeandalucia.es\/ieselsauce\/files\/2023\/03\/1C-Alberto-V-No-dudar\u00eda--300x169.jpg\" alt=\"\" width=\"300\" height=\"169\" srcset=\"https:\/\/blogsaverroes.juntadeandalucia.es\/ieselsauce\/files\/2023\/03\/1C-Alberto-V-No-dudar\u00eda--300x169.jpg 300w, https:\/\/blogsaverroes.juntadeandalucia.es\/ieselsauce\/files\/2023\/03\/1C-Alberto-V-No-dudar\u00eda--1024x576.jpg 1024w, https:\/\/blogsaverroes.juntadeandalucia.es\/ieselsauce\/files\/2023\/03\/1C-Alberto-V-No-dudar\u00eda--768x432.jpg 768w, https:\/\/blogsaverroes.juntadeandalucia.es\/ieselsauce\/files\/2023\/03\/1C-Alberto-V-No-dudar\u00eda--1536x864.jpg 1536w, https:\/\/blogsaverroes.juntadeandalucia.es\/ieselsauce\/files\/2023\/03\/1C-Alberto-V-No-dudar\u00eda--2048x1153.jpg 2048w\" sizes=\"(max-width: 300px) 100vw, 300px\" \/><img loading=\"lazy\" decoding=\"async\" class=\"alignnone size-medium wp-image-2519\" src=\"https:\/\/blogsaverroes.juntadeandalucia.es\/ieselsauce\/files\/2023\/03\/1B-Jose--135x300.jpg\" alt=\"\" width=\"135\" height=\"300\" srcset=\"https:\/\/blogsaverroes.juntadeandalucia.es\/ieselsauce\/files\/2023\/03\/1B-Jose--135x300.jpg 135w, https:\/\/blogsaverroes.juntadeandalucia.es\/ieselsauce\/files\/2023\/03\/1B-Jose--461x1024.jpg 461w, https:\/\/blogsaverroes.juntadeandalucia.es\/ieselsauce\/files\/2023\/03\/1B-Jose--768x1707.jpg 768w, https:\/\/blogsaverroes.juntadeandalucia.es\/ieselsauce\/files\/2023\/03\/1B-Jose--691x1536.jpg 691w, https:\/\/blogsaverroes.juntadeandalucia.es\/ieselsauce\/files\/2023\/03\/1B-Jose--922x2048.jpg 922w, https:\/\/blogsaverroes.juntadeandalucia.es\/ieselsauce\/files\/2023\/03\/1B-Jose-.jpg 1080w\" sizes=\"(max-width: 135px) 100vw, 135px\" \/><\/p>\n","protected":false},"excerpt":{"rendered":"<p>Durante el segundo trimestre, en clase de M\u00fasica hemos realizado algunas actividades para celebrar el D\u00eda de La Paz. Con ello hemos pretendido promover valores como la tolerancia, solidaridad, concordia&#46;&#46;&#46;<\/p>\n","protected":false},"author":17433,"featured_media":0,"comment_status":"open","ping_status":"open","sticky":false,"template":"","format":"standard","meta":{"ngg_post_thumbnail":0,"footnotes":""},"categories":[1862864,1862857,1862856],"tags":[],"aioseo_notices":[],"_links":{"self":[{"href":"https:\/\/blogsaverroes.juntadeandalucia.es\/ieselsauce\/index.php?rest_route=\/wp\/v2\/posts\/2454"}],"collection":[{"href":"https:\/\/blogsaverroes.juntadeandalucia.es\/ieselsauce\/index.php?rest_route=\/wp\/v2\/posts"}],"about":[{"href":"https:\/\/blogsaverroes.juntadeandalucia.es\/ieselsauce\/index.php?rest_route=\/wp\/v2\/types\/post"}],"author":[{"embeddable":true,"href":"https:\/\/blogsaverroes.juntadeandalucia.es\/ieselsauce\/index.php?rest_route=\/wp\/v2\/users\/17433"}],"replies":[{"embeddable":true,"href":"https:\/\/blogsaverroes.juntadeandalucia.es\/ieselsauce\/index.php?rest_route=%2Fwp%2Fv2%2Fcomments&post=2454"}],"version-history":[{"count":13,"href":"https:\/\/blogsaverroes.juntadeandalucia.es\/ieselsauce\/index.php?rest_route=\/wp\/v2\/posts\/2454\/revisions"}],"predecessor-version":[{"id":2522,"href":"https:\/\/blogsaverroes.juntadeandalucia.es\/ieselsauce\/index.php?rest_route=\/wp\/v2\/posts\/2454\/revisions\/2522"}],"wp:attachment":[{"href":"https:\/\/blogsaverroes.juntadeandalucia.es\/ieselsauce\/index.php?rest_route=%2Fwp%2Fv2%2Fmedia&parent=2454"}],"wp:term":[{"taxonomy":"category","embeddable":true,"href":"https:\/\/blogsaverroes.juntadeandalucia.es\/ieselsauce\/index.php?rest_route=%2Fwp%2Fv2%2Fcategories&post=2454"},{"taxonomy":"post_tag","embeddable":true,"href":"https:\/\/blogsaverroes.juntadeandalucia.es\/ieselsauce\/index.php?rest_route=%2Fwp%2Fv2%2Ftags&post=2454"}],"curies":[{"name":"wp","href":"https:\/\/api.w.org\/{rel}","templated":true}]}}