{"id":2542,"date":"2023-04-30T10:53:06","date_gmt":"2023-04-30T10:53:06","guid":{"rendered":"https:\/\/blogsaverroes.juntadeandalucia.es\/ieselsauce\/?p=2542"},"modified":"2024-05-17T18:46:23","modified_gmt":"2024-05-17T18:46:23","slug":"%f0%9f%8f%b3%ef%b8%8f%e2%80%8d%e2%9a%a7%ef%b8%8f-dia-internacional-de-la-visibilidad-trans-%f0%9f%8f%b3%ef%b8%8f%e2%80%8d%e2%9a%a7%ef%b8%8f","status":"publish","type":"post","link":"https:\/\/blogsaverroes.juntadeandalucia.es\/ieselsauce\/?p=2542","title":{"rendered":"\ud83c\udff3\ufe0f\u200d\u26a7\ufe0f D\u00eda Internacional de la Visibilidad Trans \ud83c\udff3\ufe0f\u200d\u26a7\ufe0f"},"content":{"rendered":"<p>El pasado <strong>31 de marzo<\/strong> celebramos en el IES El Sauce el \ud83d\udc99\ud83d\udc97\ud83e\udd0d <strong>D\u00eda Internacional de la Visibilidad Trans<\/strong> \ud83d\udc99\ud83d\udc97\ud83e\udd0d.&nbsp;<\/p>\n<p><a href=\"https:\/\/blogsaverroes.juntadeandalucia.es\/ieselsauce\/?attachment_id=2548\" rel=\"attachment wp-att-2548\"><br \/>\n<img loading=\"lazy\" decoding=\"async\" class=\"aligncenter wp-image-2548\" src=\"https:\/\/blogsaverroes.juntadeandalucia.es\/ieselsauce\/files\/2023\/04\/WhatsApp-Image-2023-04-27-at-12.37.07-1-1024x768.jpeg\" alt=\"\" width=\"371\" height=\"278\" srcset=\"https:\/\/blogsaverroes.juntadeandalucia.es\/ieselsauce\/files\/2023\/04\/WhatsApp-Image-2023-04-27-at-12.37.07-1-1024x768.jpeg 1024w, https:\/\/blogsaverroes.juntadeandalucia.es\/ieselsauce\/files\/2023\/04\/WhatsApp-Image-2023-04-27-at-12.37.07-1-300x225.jpeg 300w, https:\/\/blogsaverroes.juntadeandalucia.es\/ieselsauce\/files\/2023\/04\/WhatsApp-Image-2023-04-27-at-12.37.07-1-768x576.jpeg 768w, https:\/\/blogsaverroes.juntadeandalucia.es\/ieselsauce\/files\/2023\/04\/WhatsApp-Image-2023-04-27-at-12.37.07-1-1536x1152.jpeg 1536w, https:\/\/blogsaverroes.juntadeandalucia.es\/ieselsauce\/files\/2023\/04\/WhatsApp-Image-2023-04-27-at-12.37.07-1.jpeg 2048w\" sizes=\"(max-width: 371px) 100vw, 371px\" \/><\/a><\/p>\n<p>Alumnado y profesorado han desarrollado varias actividades de forma conjunta con el objetivo de concienciar y visualizar a este colectivo que, a d\u00eda de hoy, a\u00fan sigue sufriendo discriminaci\u00f3n, rechazo y marginaci\u00f3n por parte de la sociedad. <!--more-->Algunas de las actividades desarrolladas han sido:&nbsp;<\/p>\n<ul>\n<li>Realizaci\u00f3n de&nbsp;<strong>actividades de concienciaci\u00f3n<\/strong>&nbsp;variadas en los distintos cursos y niveles del centro, en hora de tutor\u00eda.&nbsp;<\/li>\n<\/ul>\n<p>&nbsp;<\/p>\n<ul>\n<li>Elaboraci\u00f3n de <strong>carteles con fotos e informaci\u00f3n acerca de personas famosas trans<\/strong>, que destacan en el mundo art\u00edstico, de la pol\u00edtica, deportivo, musical&#8230; Tras su elaboraci\u00f3n, dichos carteles se colocaron en en el hall de entradas y escalares del centro escolar para su visibilidad por parte de toda la comunidad educativa.&nbsp;<\/li>\n<\/ul>\n\n\t\t<style>\n\t\t\t#gallery-1 {\n\t\t\t\tmargin: auto;\n\t\t\t}\n\t\t\t#gallery-1 .gallery-item {\n\t\t\t\tfloat: left;\n\t\t\t\tmargin-top: 10px;\n\t\t\t\ttext-align: center;\n\t\t\t\twidth: 25%;\n\t\t\t}\n\t\t\t#gallery-1 img {\n\t\t\t\tborder: 2px solid #cfcfcf;\n\t\t\t}\n\t\t\t#gallery-1 .gallery-caption {\n\t\t\t\tmargin-left: 0;\n\t\t\t}\n\t\t\t\/* see gallery_shortcode() in wp-includes\/media.php *\/\n\t\t<\/style>\n\t\t<div id='gallery-1' class='gallery galleryid-2542 gallery-columns-4 gallery-size-large'><dl class='gallery-item'>\n\t\t\t<dt class='gallery-icon landscape'>\n\t\t\t\t<a href='https:\/\/blogsaverroes.juntadeandalucia.es\/ieselsauce\/?attachment_id=2551'><img loading=\"lazy\" decoding=\"async\" width=\"1024\" height=\"768\" src=\"https:\/\/blogsaverroes.juntadeandalucia.es\/ieselsauce\/files\/2023\/04\/WhatsApp-Image-2023-04-27-at-12.37.09-1024x768.jpeg\" class=\"attachment-large size-large\" alt=\"\" srcset=\"https:\/\/blogsaverroes.juntadeandalucia.es\/ieselsauce\/files\/2023\/04\/WhatsApp-Image-2023-04-27-at-12.37.09-1024x768.jpeg 1024w, https:\/\/blogsaverroes.juntadeandalucia.es\/ieselsauce\/files\/2023\/04\/WhatsApp-Image-2023-04-27-at-12.37.09-300x225.jpeg 300w, https:\/\/blogsaverroes.juntadeandalucia.es\/ieselsauce\/files\/2023\/04\/WhatsApp-Image-2023-04-27-at-12.37.09-768x576.jpeg 768w, https:\/\/blogsaverroes.juntadeandalucia.es\/ieselsauce\/files\/2023\/04\/WhatsApp-Image-2023-04-27-at-12.37.09-1536x1152.jpeg 1536w, https:\/\/blogsaverroes.juntadeandalucia.es\/ieselsauce\/files\/2023\/04\/WhatsApp-Image-2023-04-27-at-12.37.09.jpeg 2048w\" sizes=\"(max-width: 1024px) 100vw, 1024px\" \/><\/a>\n\t\t\t<\/dt><\/dl><dl class='gallery-item'>\n\t\t\t<dt class='gallery-icon landscape'>\n\t\t\t\t<a href='https:\/\/blogsaverroes.juntadeandalucia.es\/ieselsauce\/?attachment_id=2554'><img loading=\"lazy\" decoding=\"async\" width=\"1024\" height=\"641\" src=\"https:\/\/blogsaverroes.juntadeandalucia.es\/ieselsauce\/files\/2023\/04\/WhatsApp-Image-2023-04-27-at-12.37.11-1-1024x641.jpeg\" class=\"attachment-large size-large\" alt=\"\" srcset=\"https:\/\/blogsaverroes.juntadeandalucia.es\/ieselsauce\/files\/2023\/04\/WhatsApp-Image-2023-04-27-at-12.37.11-1-1024x641.jpeg 1024w, https:\/\/blogsaverroes.juntadeandalucia.es\/ieselsauce\/files\/2023\/04\/WhatsApp-Image-2023-04-27-at-12.37.11-1-300x188.jpeg 300w, https:\/\/blogsaverroes.juntadeandalucia.es\/ieselsauce\/files\/2023\/04\/WhatsApp-Image-2023-04-27-at-12.37.11-1-768x481.jpeg 768w, https:\/\/blogsaverroes.juntadeandalucia.es\/ieselsauce\/files\/2023\/04\/WhatsApp-Image-2023-04-27-at-12.37.11-1-1536x962.jpeg 1536w, https:\/\/blogsaverroes.juntadeandalucia.es\/ieselsauce\/files\/2023\/04\/WhatsApp-Image-2023-04-27-at-12.37.11-1.jpeg 2048w\" sizes=\"(max-width: 1024px) 100vw, 1024px\" \/><\/a>\n\t\t\t<\/dt><\/dl><dl class='gallery-item'>\n\t\t\t<dt class='gallery-icon portrait'>\n\t\t\t\t<a href='https:\/\/blogsaverroes.juntadeandalucia.es\/ieselsauce\/?attachment_id=2549'><img loading=\"lazy\" decoding=\"async\" width=\"768\" height=\"1024\" src=\"https:\/\/blogsaverroes.juntadeandalucia.es\/ieselsauce\/files\/2023\/04\/WhatsApp-Image-2023-04-27-at-12.37.07-768x1024.jpeg\" class=\"attachment-large size-large\" alt=\"\" srcset=\"https:\/\/blogsaverroes.juntadeandalucia.es\/ieselsauce\/files\/2023\/04\/WhatsApp-Image-2023-04-27-at-12.37.07-768x1024.jpeg 768w, https:\/\/blogsaverroes.juntadeandalucia.es\/ieselsauce\/files\/2023\/04\/WhatsApp-Image-2023-04-27-at-12.37.07-225x300.jpeg 225w, https:\/\/blogsaverroes.juntadeandalucia.es\/ieselsauce\/files\/2023\/04\/WhatsApp-Image-2023-04-27-at-12.37.07-1152x1536.jpeg 1152w, https:\/\/blogsaverroes.juntadeandalucia.es\/ieselsauce\/files\/2023\/04\/WhatsApp-Image-2023-04-27-at-12.37.07.jpeg 1536w\" sizes=\"(max-width: 768px) 100vw, 768px\" \/><\/a>\n\t\t\t<\/dt><\/dl><dl class='gallery-item'>\n\t\t\t<dt class='gallery-icon portrait'>\n\t\t\t\t<a href='https:\/\/blogsaverroes.juntadeandalucia.es\/ieselsauce\/?attachment_id=2555'><img loading=\"lazy\" decoding=\"async\" width=\"768\" height=\"1024\" src=\"https:\/\/blogsaverroes.juntadeandalucia.es\/ieselsauce\/files\/2023\/04\/WhatsApp-Image-2023-04-27-at-12.37.11-768x1024.jpeg\" class=\"attachment-large size-large\" alt=\"\" srcset=\"https:\/\/blogsaverroes.juntadeandalucia.es\/ieselsauce\/files\/2023\/04\/WhatsApp-Image-2023-04-27-at-12.37.11-768x1024.jpeg 768w, https:\/\/blogsaverroes.juntadeandalucia.es\/ieselsauce\/files\/2023\/04\/WhatsApp-Image-2023-04-27-at-12.37.11-225x300.jpeg 225w, https:\/\/blogsaverroes.juntadeandalucia.es\/ieselsauce\/files\/2023\/04\/WhatsApp-Image-2023-04-27-at-12.37.11-1152x1536.jpeg 1152w, https:\/\/blogsaverroes.juntadeandalucia.es\/ieselsauce\/files\/2023\/04\/WhatsApp-Image-2023-04-27-at-12.37.11.jpeg 1536w\" sizes=\"(max-width: 768px) 100vw, 768px\" \/><\/a>\n\t\t\t<\/dt><\/dl><br style=\"clear: both\" \/>\n\t\t<\/div>\n\n<ul>\n<li>Colocaci\u00f3n de una <strong>bandera de colores azul, rosa y blanco \ud83c\udff3\ufe0f\u200d\u26a7\ufe0f<\/strong>, representativa de este colectivo, junto a la <strong>carteler\u00eda<\/strong> cedida por la Diputaci\u00f3n de C\u00f3rdoba sobre el <strong><strong>colectivo LGTBIQ+<\/strong><\/strong>.\ud83c\udff3\ufe0f\u200d\ud83c\udf08<\/li>\n<\/ul>\n\n\t\t<style>\n\t\t\t#gallery-2 {\n\t\t\t\tmargin: auto;\n\t\t\t}\n\t\t\t#gallery-2 .gallery-item {\n\t\t\t\tfloat: left;\n\t\t\t\tmargin-top: 10px;\n\t\t\t\ttext-align: center;\n\t\t\t\twidth: 50%;\n\t\t\t}\n\t\t\t#gallery-2 img {\n\t\t\t\tborder: 2px solid #cfcfcf;\n\t\t\t}\n\t\t\t#gallery-2 .gallery-caption {\n\t\t\t\tmargin-left: 0;\n\t\t\t}\n\t\t\t\/* see gallery_shortcode() in wp-includes\/media.php *\/\n\t\t<\/style>\n\t\t<div id='gallery-2' class='gallery galleryid-2542 gallery-columns-2 gallery-size-medium'><dl class='gallery-item'>\n\t\t\t<dt class='gallery-icon landscape'>\n\t\t\t\t<a href='https:\/\/blogsaverroes.juntadeandalucia.es\/ieselsauce\/?attachment_id=2553'><img loading=\"lazy\" decoding=\"async\" width=\"300\" height=\"225\" src=\"https:\/\/blogsaverroes.juntadeandalucia.es\/ieselsauce\/files\/2023\/04\/WhatsApp-Image-2023-04-27-at-12.37.10-300x225.jpeg\" class=\"attachment-medium size-medium\" alt=\"\" srcset=\"https:\/\/blogsaverroes.juntadeandalucia.es\/ieselsauce\/files\/2023\/04\/WhatsApp-Image-2023-04-27-at-12.37.10-300x225.jpeg 300w, https:\/\/blogsaverroes.juntadeandalucia.es\/ieselsauce\/files\/2023\/04\/WhatsApp-Image-2023-04-27-at-12.37.10-1024x768.jpeg 1024w, https:\/\/blogsaverroes.juntadeandalucia.es\/ieselsauce\/files\/2023\/04\/WhatsApp-Image-2023-04-27-at-12.37.10-768x576.jpeg 768w, https:\/\/blogsaverroes.juntadeandalucia.es\/ieselsauce\/files\/2023\/04\/WhatsApp-Image-2023-04-27-at-12.37.10-1536x1152.jpeg 1536w, https:\/\/blogsaverroes.juntadeandalucia.es\/ieselsauce\/files\/2023\/04\/WhatsApp-Image-2023-04-27-at-12.37.10.jpeg 2048w\" sizes=\"(max-width: 300px) 100vw, 300px\" \/><\/a>\n\t\t\t<\/dt><\/dl><dl class='gallery-item'>\n\t\t\t<dt class='gallery-icon landscape'>\n\t\t\t\t<a href='https:\/\/blogsaverroes.juntadeandalucia.es\/ieselsauce\/?attachment_id=2547'><img loading=\"lazy\" decoding=\"async\" width=\"300\" height=\"225\" src=\"https:\/\/blogsaverroes.juntadeandalucia.es\/ieselsauce\/files\/2023\/04\/WhatsApp-Image-2023-04-27-at-12.37.06-300x225.jpeg\" class=\"attachment-medium size-medium\" alt=\"\" srcset=\"https:\/\/blogsaverroes.juntadeandalucia.es\/ieselsauce\/files\/2023\/04\/WhatsApp-Image-2023-04-27-at-12.37.06-300x225.jpeg 300w, https:\/\/blogsaverroes.juntadeandalucia.es\/ieselsauce\/files\/2023\/04\/WhatsApp-Image-2023-04-27-at-12.37.06-1024x768.jpeg 1024w, https:\/\/blogsaverroes.juntadeandalucia.es\/ieselsauce\/files\/2023\/04\/WhatsApp-Image-2023-04-27-at-12.37.06-768x576.jpeg 768w, https:\/\/blogsaverroes.juntadeandalucia.es\/ieselsauce\/files\/2023\/04\/WhatsApp-Image-2023-04-27-at-12.37.06-1536x1152.jpeg 1536w, https:\/\/blogsaverroes.juntadeandalucia.es\/ieselsauce\/files\/2023\/04\/WhatsApp-Image-2023-04-27-at-12.37.06.jpeg 2048w\" sizes=\"(max-width: 300px) 100vw, 300px\" \/><\/a>\n\t\t\t<\/dt><\/dl><br style=\"clear: both\" \/>\n\t\t<\/div>\n\n<ul>\n<li>Realizaci\u00f3n en tutor\u00eda de <strong>murales para decorar la puerta<\/strong> de cada clase sobre el tema de la visibilidad trans.&nbsp;<\/li>\n<\/ul>\n\n\t\t<style>\n\t\t\t#gallery-3 {\n\t\t\t\tmargin: auto;\n\t\t\t}\n\t\t\t#gallery-3 .gallery-item {\n\t\t\t\tfloat: left;\n\t\t\t\tmargin-top: 10px;\n\t\t\t\ttext-align: center;\n\t\t\t\twidth: 25%;\n\t\t\t}\n\t\t\t#gallery-3 img {\n\t\t\t\tborder: 2px solid #cfcfcf;\n\t\t\t}\n\t\t\t#gallery-3 .gallery-caption {\n\t\t\t\tmargin-left: 0;\n\t\t\t}\n\t\t\t\/* see gallery_shortcode() in wp-includes\/media.php *\/\n\t\t<\/style>\n\t\t<div id='gallery-3' class='gallery galleryid-2542 gallery-columns-4 gallery-size-large'><dl class='gallery-item'>\n\t\t\t<dt class='gallery-icon portrait'>\n\t\t\t\t<a href='https:\/\/blogsaverroes.juntadeandalucia.es\/ieselsauce\/?attachment_id=2552'><img loading=\"lazy\" decoding=\"async\" width=\"768\" height=\"1024\" src=\"https:\/\/blogsaverroes.juntadeandalucia.es\/ieselsauce\/files\/2023\/04\/WhatsApp-Image-2023-04-27-at-12.37.10-1-768x1024.jpeg\" class=\"attachment-large size-large\" alt=\"\" srcset=\"https:\/\/blogsaverroes.juntadeandalucia.es\/ieselsauce\/files\/2023\/04\/WhatsApp-Image-2023-04-27-at-12.37.10-1-768x1024.jpeg 768w, https:\/\/blogsaverroes.juntadeandalucia.es\/ieselsauce\/files\/2023\/04\/WhatsApp-Image-2023-04-27-at-12.37.10-1-225x300.jpeg 225w, https:\/\/blogsaverroes.juntadeandalucia.es\/ieselsauce\/files\/2023\/04\/WhatsApp-Image-2023-04-27-at-12.37.10-1-1152x1536.jpeg 1152w, https:\/\/blogsaverroes.juntadeandalucia.es\/ieselsauce\/files\/2023\/04\/WhatsApp-Image-2023-04-27-at-12.37.10-1.jpeg 1536w\" sizes=\"(max-width: 768px) 100vw, 768px\" \/><\/a>\n\t\t\t<\/dt><\/dl><dl class='gallery-item'>\n\t\t\t<dt class='gallery-icon portrait'>\n\t\t\t\t<a href='https:\/\/blogsaverroes.juntadeandalucia.es\/ieselsauce\/?attachment_id=2546'><img loading=\"lazy\" decoding=\"async\" width=\"768\" height=\"1024\" src=\"https:\/\/blogsaverroes.juntadeandalucia.es\/ieselsauce\/files\/2023\/04\/WhatsApp-Image-2023-04-27-at-12.37.06-2-768x1024.jpeg\" class=\"attachment-large size-large\" alt=\"\" srcset=\"https:\/\/blogsaverroes.juntadeandalucia.es\/ieselsauce\/files\/2023\/04\/WhatsApp-Image-2023-04-27-at-12.37.06-2-768x1024.jpeg 768w, https:\/\/blogsaverroes.juntadeandalucia.es\/ieselsauce\/files\/2023\/04\/WhatsApp-Image-2023-04-27-at-12.37.06-2-225x300.jpeg 225w, https:\/\/blogsaverroes.juntadeandalucia.es\/ieselsauce\/files\/2023\/04\/WhatsApp-Image-2023-04-27-at-12.37.06-2-1152x1536.jpeg 1152w, https:\/\/blogsaverroes.juntadeandalucia.es\/ieselsauce\/files\/2023\/04\/WhatsApp-Image-2023-04-27-at-12.37.06-2.jpeg 1536w\" sizes=\"(max-width: 768px) 100vw, 768px\" \/><\/a>\n\t\t\t<\/dt><\/dl><dl class='gallery-item'>\n\t\t\t<dt class='gallery-icon portrait'>\n\t\t\t\t<a href='https:\/\/blogsaverroes.juntadeandalucia.es\/ieselsauce\/?attachment_id=2545'><img loading=\"lazy\" decoding=\"async\" width=\"768\" height=\"1024\" src=\"https:\/\/blogsaverroes.juntadeandalucia.es\/ieselsauce\/files\/2023\/04\/WhatsApp-Image-2023-04-27-at-12.37.06-1-768x1024.jpeg\" class=\"attachment-large size-large\" alt=\"\" srcset=\"https:\/\/blogsaverroes.juntadeandalucia.es\/ieselsauce\/files\/2023\/04\/WhatsApp-Image-2023-04-27-at-12.37.06-1-768x1024.jpeg 768w, https:\/\/blogsaverroes.juntadeandalucia.es\/ieselsauce\/files\/2023\/04\/WhatsApp-Image-2023-04-27-at-12.37.06-1-225x300.jpeg 225w, https:\/\/blogsaverroes.juntadeandalucia.es\/ieselsauce\/files\/2023\/04\/WhatsApp-Image-2023-04-27-at-12.37.06-1-1152x1536.jpeg 1152w, https:\/\/blogsaverroes.juntadeandalucia.es\/ieselsauce\/files\/2023\/04\/WhatsApp-Image-2023-04-27-at-12.37.06-1.jpeg 1536w\" sizes=\"(max-width: 768px) 100vw, 768px\" \/><\/a>\n\t\t\t<\/dt><\/dl><dl class='gallery-item'>\n\t\t\t<dt class='gallery-icon landscape'>\n\t\t\t\t<a href='https:\/\/blogsaverroes.juntadeandalucia.es\/ieselsauce\/?attachment_id=2550'><img loading=\"lazy\" decoding=\"async\" width=\"1024\" height=\"768\" src=\"https:\/\/blogsaverroes.juntadeandalucia.es\/ieselsauce\/files\/2023\/04\/WhatsApp-Image-2023-04-27-at-12.37.08-1024x768.jpeg\" class=\"attachment-large size-large\" alt=\"\" srcset=\"https:\/\/blogsaverroes.juntadeandalucia.es\/ieselsauce\/files\/2023\/04\/WhatsApp-Image-2023-04-27-at-12.37.08-1024x768.jpeg 1024w, https:\/\/blogsaverroes.juntadeandalucia.es\/ieselsauce\/files\/2023\/04\/WhatsApp-Image-2023-04-27-at-12.37.08-300x225.jpeg 300w, https:\/\/blogsaverroes.juntadeandalucia.es\/ieselsauce\/files\/2023\/04\/WhatsApp-Image-2023-04-27-at-12.37.08-768x576.jpeg 768w, https:\/\/blogsaverroes.juntadeandalucia.es\/ieselsauce\/files\/2023\/04\/WhatsApp-Image-2023-04-27-at-12.37.08-1536x1152.jpeg 1536w, https:\/\/blogsaverroes.juntadeandalucia.es\/ieselsauce\/files\/2023\/04\/WhatsApp-Image-2023-04-27-at-12.37.08.jpeg 2048w\" sizes=\"(max-width: 1024px) 100vw, 1024px\" \/><\/a>\n\t\t\t<\/dt><\/dl><br style=\"clear: both\" \/>\n\t\t<\/div>\n\n<ul>\n<li>Creaci\u00f3n de <strong>camisetas con la bandera y colores de este colectivo<\/strong> en forma de coraz\u00f3n, que se lucieron ese d\u00eda en conmemoraci\u00f3n de dicha efem\u00e9ride por parte del profesorado.&nbsp;<\/li>\n<\/ul>\n\n\t\t<style>\n\t\t\t#gallery-4 {\n\t\t\t\tmargin: auto;\n\t\t\t}\n\t\t\t#gallery-4 .gallery-item {\n\t\t\t\tfloat: left;\n\t\t\t\tmargin-top: 10px;\n\t\t\t\ttext-align: center;\n\t\t\t\twidth: 50%;\n\t\t\t}\n\t\t\t#gallery-4 img {\n\t\t\t\tborder: 2px solid #cfcfcf;\n\t\t\t}\n\t\t\t#gallery-4 .gallery-caption {\n\t\t\t\tmargin-left: 0;\n\t\t\t}\n\t\t\t\/* see gallery_shortcode() in wp-includes\/media.php *\/\n\t\t<\/style>\n\t\t<div id='gallery-4' class='gallery galleryid-2542 gallery-columns-2 gallery-size-large'><dl class='gallery-item'>\n\t\t\t<dt class='gallery-icon landscape'>\n\t\t\t\t<a href='https:\/\/blogsaverroes.juntadeandalucia.es\/ieselsauce\/?attachment_id=2557'><img loading=\"lazy\" decoding=\"async\" width=\"1024\" height=\"776\" src=\"https:\/\/blogsaverroes.juntadeandalucia.es\/ieselsauce\/files\/2023\/04\/WhatsApp-Image-2023-04-27-at-12.37.12-1024x776.jpeg\" class=\"attachment-large size-large\" alt=\"\" srcset=\"https:\/\/blogsaverroes.juntadeandalucia.es\/ieselsauce\/files\/2023\/04\/WhatsApp-Image-2023-04-27-at-12.37.12-1024x776.jpeg 1024w, https:\/\/blogsaverroes.juntadeandalucia.es\/ieselsauce\/files\/2023\/04\/WhatsApp-Image-2023-04-27-at-12.37.12-300x227.jpeg 300w, https:\/\/blogsaverroes.juntadeandalucia.es\/ieselsauce\/files\/2023\/04\/WhatsApp-Image-2023-04-27-at-12.37.12-768x582.jpeg 768w, https:\/\/blogsaverroes.juntadeandalucia.es\/ieselsauce\/files\/2023\/04\/WhatsApp-Image-2023-04-27-at-12.37.12-1536x1164.jpeg 1536w, https:\/\/blogsaverroes.juntadeandalucia.es\/ieselsauce\/files\/2023\/04\/WhatsApp-Image-2023-04-27-at-12.37.12.jpeg 2048w\" sizes=\"(max-width: 1024px) 100vw, 1024px\" \/><\/a>\n\t\t\t<\/dt><\/dl><dl class='gallery-item'>\n\t\t\t<dt class='gallery-icon portrait'>\n\t\t\t\t<a href='https:\/\/blogsaverroes.juntadeandalucia.es\/ieselsauce\/?attachment_id=2556'><img loading=\"lazy\" decoding=\"async\" width=\"1012\" height=\"1024\" src=\"https:\/\/blogsaverroes.juntadeandalucia.es\/ieselsauce\/files\/2023\/04\/WhatsApp-Image-2023-04-27-at-12.37.12-1-1012x1024.jpeg\" class=\"attachment-large size-large\" alt=\"\" srcset=\"https:\/\/blogsaverroes.juntadeandalucia.es\/ieselsauce\/files\/2023\/04\/WhatsApp-Image-2023-04-27-at-12.37.12-1-1012x1024.jpeg 1012w, https:\/\/blogsaverroes.juntadeandalucia.es\/ieselsauce\/files\/2023\/04\/WhatsApp-Image-2023-04-27-at-12.37.12-1-296x300.jpeg 296w, https:\/\/blogsaverroes.juntadeandalucia.es\/ieselsauce\/files\/2023\/04\/WhatsApp-Image-2023-04-27-at-12.37.12-1-768x777.jpeg 768w, https:\/\/blogsaverroes.juntadeandalucia.es\/ieselsauce\/files\/2023\/04\/WhatsApp-Image-2023-04-27-at-12.37.12-1-1518x1536.jpeg 1518w, https:\/\/blogsaverroes.juntadeandalucia.es\/ieselsauce\/files\/2023\/04\/WhatsApp-Image-2023-04-27-at-12.37.12-1-80x80.jpeg 80w, https:\/\/blogsaverroes.juntadeandalucia.es\/ieselsauce\/files\/2023\/04\/WhatsApp-Image-2023-04-27-at-12.37.12-1.jpeg 2024w\" sizes=\"(max-width: 1012px) 100vw, 1012px\" \/><\/a>\n\t\t\t<\/dt><\/dl><br style=\"clear: both\" \/>\n\t\t<\/div>\n\n<p>\u00a1Contribuyamos todos al respeto y visibilidad de este colectivo!<\/p>\n","protected":false},"excerpt":{"rendered":"<p>El pasado 31 de marzo celebramos en el IES El Sauce el \ud83d\udc99\ud83d\udc97\ud83e\udd0d D\u00eda Internacional de la Visibilidad Trans \ud83d\udc99\ud83d\udc97\ud83e\udd0d.&nbsp; Alumnado y profesorado han desarrollado varias actividades de forma conjunta&#46;&#46;&#46;<\/p>\n","protected":false},"author":14256,"featured_media":2557,"comment_status":"open","ping_status":"open","sticky":false,"template":"","format":"standard","meta":{"ngg_post_thumbnail":0,"footnotes":""},"categories":[1862864,1862838],"tags":[],"aioseo_notices":[],"_links":{"self":[{"href":"https:\/\/blogsaverroes.juntadeandalucia.es\/ieselsauce\/index.php?rest_route=\/wp\/v2\/posts\/2542"}],"collection":[{"href":"https:\/\/blogsaverroes.juntadeandalucia.es\/ieselsauce\/index.php?rest_route=\/wp\/v2\/posts"}],"about":[{"href":"https:\/\/blogsaverroes.juntadeandalucia.es\/ieselsauce\/index.php?rest_route=\/wp\/v2\/types\/post"}],"author":[{"embeddable":true,"href":"https:\/\/blogsaverroes.juntadeandalucia.es\/ieselsauce\/index.php?rest_route=\/wp\/v2\/users\/14256"}],"replies":[{"embeddable":true,"href":"https:\/\/blogsaverroes.juntadeandalucia.es\/ieselsauce\/index.php?rest_route=%2Fwp%2Fv2%2Fcomments&post=2542"}],"version-history":[{"count":5,"href":"https:\/\/blogsaverroes.juntadeandalucia.es\/ieselsauce\/index.php?rest_route=\/wp\/v2\/posts\/2542\/revisions"}],"predecessor-version":[{"id":2560,"href":"https:\/\/blogsaverroes.juntadeandalucia.es\/ieselsauce\/index.php?rest_route=\/wp\/v2\/posts\/2542\/revisions\/2560"}],"wp:featuredmedia":[{"embeddable":true,"href":"https:\/\/blogsaverroes.juntadeandalucia.es\/ieselsauce\/index.php?rest_route=\/wp\/v2\/media\/2557"}],"wp:attachment":[{"href":"https:\/\/blogsaverroes.juntadeandalucia.es\/ieselsauce\/index.php?rest_route=%2Fwp%2Fv2%2Fmedia&parent=2542"}],"wp:term":[{"taxonomy":"category","embeddable":true,"href":"https:\/\/blogsaverroes.juntadeandalucia.es\/ieselsauce\/index.php?rest_route=%2Fwp%2Fv2%2Fcategories&post=2542"},{"taxonomy":"post_tag","embeddable":true,"href":"https:\/\/blogsaverroes.juntadeandalucia.es\/ieselsauce\/index.php?rest_route=%2Fwp%2Fv2%2Ftags&post=2542"}],"curies":[{"name":"wp","href":"https:\/\/api.w.org\/{rel}","templated":true}]}}